{"id":4784,"date":"2019-10-25T11:01:56","date_gmt":"2019-10-25T14:01:56","guid":{"rendered":"https:\/\/unicursos.com.br\/?p=4784"},"modified":"2019-10-25T11:01:56","modified_gmt":"2019-10-25T14:01:56","slug":"concurso-spprev-2019-saiu-o-edital-para-nivel-medio-e-superior-com-91-vagas","status":"publish","type":"post","link":"https:\/\/unicursos.com.br\/blog\/concurso-spprev-2019-saiu-o-edital-para-nivel-medio-e-superior-com-91-vagas\/","title":{"rendered":"Concurso SPPrev 2019: saiu o edital para n\u00edvel m\u00e9dio e superior com 91 vagas"},"content":{"rendered":"<p>A\u00a0<strong>S\u00e3o Paulo<\/strong>\u00a0Previd\u00eancia faz saber aos interessados a abertura de novo edital de\u00a0<strong>concurso<\/strong>\u00a0p\u00fablico (<strong>Concurso SPPrev 2019<\/strong>) para preenchimento de 91 vagas.\u00a0 De acordo com o documento publicado no Di\u00e1rio Oficial do Estado desta sexta-feira, 25 de outubro, s\u00e3o oferecidas 91 vagas nos cargos de Analista em Gest\u00e3o Previdenci\u00e1ria e T\u00e9cnico em Gest\u00e3o Previdenci\u00e1ria, com exig\u00eancia de n\u00edvel superior e m\u00e9dio, respectivamente. Os aprovados ser\u00e3o contratados sob regime das leis da CLT.<\/p>\n<p>Do quantitativo de vagas, 05 (cinco)\u00a0ser\u00e3o reservadas para as pessoas com alguma defici\u00eancia.<\/p>\n<h2><span style=\"font-size: 14pt;\"><strong>Sobre os cargos do concurso SPPrev 2019<\/strong><\/span><\/h2>\n<p>Para o cargo de\u00a0<strong>Analista em Gest\u00e3o Previdenci\u00e1ria<\/strong>\u00a0s\u00e3o oferecidas 14 vagas. Para ingresso,o candidato dever\u00e1 ter diploma de gradua\u00e7\u00e3o em\u00a0<strong>n\u00edvel superior<\/strong>, devidamente registrado, expedido por institui\u00e7\u00e3o de ensino reconhecida pelo Minist\u00e9rio da Educa\u00e7\u00e3o. O sal\u00e1rio do cargo \u00e9 de R$ 5.384,42, sendo base de R$ 4.682,11, al\u00e9m de Pr\u00eamio de Incentivo \u00e0 Qualidade Previdenci\u00e1ria no valor de de R$ 702,31.<\/p>\n<p>Para o cargo de <strong>T\u00e9cnico em Gest\u00e3o Previdenci\u00e1ria<\/strong>\u00a0s\u00e3o ofertadas 77 vagas. O cargo exige\u00a0<strong>n\u00edvel m\u00e9dio<\/strong>\u00a0completo. O sal\u00e1rio \u00e9 de R$ 2.146,38, sendo o valor base de R$ 1.724,99 + Pr\u00eamio de Incentivo \u00e0 Qualidade Previdenci\u00e1ria de R$ 421,39.<\/p>\n<p><span style=\"color: #ff6600;\">Leia tamb\u00e9m: <a style=\"color: #ff6600;\" href=\"https:\/\/unicursos.com.br\/concurso-urbam-vagas-para-nivel-fundamental-e-superior-em-sao-jose-dos-campos\/\">Concurso URBAM: vagas para n\u00edvel fundamental e superior em S\u00e3o Jos\u00e9 dos Campos<\/a><\/span><\/p>\n<h2><span style=\"font-size: 14pt;\"><strong>Atribui\u00e7\u00f5es<\/strong><\/span><\/h2>\n<div id=\"conteudo\" class=\"wifl conteudo\">\n<p><strong>Analista em Gest\u00e3o Previdenci\u00e1ria<\/strong>: Analisa, acompanha e instrui processos de concess\u00e3o, pagamento, cadastro e informa\u00e7\u00f5es de aposentadorias e pens\u00f5es do conjunto de servidores p\u00fablicos e militares do Estado; Planeja, implanta e avalia as a\u00e7\u00f5es voltadas \u00e0s atividades relativas ao Regime Pr\u00f3prio de Previd\u00eancia no \u00e2mbito do Estado, propondo as adequa\u00e7\u00f5es necess\u00e1rias; avalia a\u00e7\u00f5es voltadas ao atendimento e orienta\u00e7\u00e3o aos segurados ativos, inativos, pensionistas e dependentes, zelando pela manuten\u00e7\u00e3o e atualiza\u00e7\u00e3o do cadastro previdenci\u00e1rio; Coordena as atividades de suporte ao gerenciamento das atividades corporativas da SPPREV, no que se refere aos servi\u00e7os administrativos, log\u00edsticos, de infra-estrutura e de suprimentos; Coordena, acompanha e avalia as atividades de gest\u00e3o de recursos humanos, gest\u00e3o or\u00e7ament\u00e1ria, financeira, patrimonial, an\u00e1lise cont\u00e1bil, auditoria cont\u00e1bil, despesas de pessoal, c\u00e1lculos judiciais, pol\u00edtica de investimentos da entidade e gest\u00e3o da tecnologia e sistemas de informa\u00e7\u00e3o.<\/p>\n<p><strong>T\u00e9cnico em Gest\u00e3o Previdenci\u00e1ria:\u00a0<\/strong>Presta atendimento aos segurados do Regime Pr\u00f3prio de<br \/>\nPrevid\u00eancia do Estado de S\u00e3o Paulo; Executa as atividades administrativas no processo de concess\u00e3o e pagamento de aposentarias e pens\u00f5es; Executa as atividades de apoio relacionadas \u00e0 administra\u00e7\u00e3o e gest\u00e3o da SPPREV e executa quaisquer outras atividades de apoio \u00e0s atribui\u00e7\u00f5es do Analista em Gest\u00e3o Previdenci\u00e1ria.<\/p>\n<h2><span style=\"font-size: 14pt;\"><strong>Inscri\u00e7\u00e3o Concurso SPPrev 2019<\/strong><\/span><\/h2>\n<p>Os interessados em concorrer a uma das vagas poder\u00e3o se inscrever entre 10 horas do dia 28 de outubro e 14 horas do dia 13 de novembro de 2019, no site oficial da banca organizadora (<a href=\"http:\/\/www.concursosfcc.com.br\/\" target=\"_blank\" rel=\"noopener noreferrer\">www.concursosfcc.com.br<\/a>). A taxa de inscri\u00e7\u00e3o custar\u00e1\u00a0R$ 33,00 para cargo de n\u00edvel m\u00e9dio e de R$ 54,00 para n\u00edvel superior.<\/p>\n<h2><span style=\"font-size: 14pt;\"><b>Etapas e Provas<\/b><\/span><\/h2>\n<p>O concurso vai contar com Provas objetivas, para todos os cargos; Prova discursiva \/ reda\u00e7\u00e3o, para todos os cargos; e Avalia\u00e7\u00e3o de t\u00edtulos, apenas para o cargo de n\u00edvel superior.<\/p>\n<p>A\u00a0<strong>prova objetiva de Analista<\/strong>\u00a0ter\u00e1 50 quest\u00f5es, distribu\u00eddas entre mat\u00e9rias de\u00a0l\u00edngua portuguesa, tecnologia da informa\u00e7\u00e3o, direito constitucional, direito administrativo, direito\u00a0previdenci\u00e1rio , legisla\u00e7\u00e3o, gest\u00e3o or\u00e7ament\u00e1ria e financeira e recursos humanos para analista.<\/p>\n<p>A\u00a0<strong>prova objetiva de T\u00e9cnico<\/strong>\u00a0ter\u00e1 50 quest\u00f5es, distribu\u00eddas entre mat\u00e9rias de l\u00edngua portuguesa, matem\u00e1tica e racioc\u00ednio l\u00f3gico, no\u00e7\u00f5es de inform\u00e1tica, no\u00e7\u00f5es de direito constitucional, no\u00e7\u00f5es de direito administrativo, legisla\u00e7\u00e3o e no\u00e7\u00f5es de atendimento.<\/p>\n<p>Na Prova Discursiva\u2013Reda\u00e7\u00e3o, o candidato dever\u00e1 desenvolver texto dissertativo-argumentativo a partir de proposta \u00fanica, sobre assunto de interesse geral n\u00e3o atrelado necessariamente ao Conte\u00fado Program\u00e1tico de Conhecimentos Espec\u00edficos referido no presente Edital.<\/p>\n<p>As provas do concurso p\u00fablico ser\u00e3o realizadas em S\u00e3o Paulo (SP) no dia\u00a0<strong>15 de dezembro de 2019<\/strong>, no turno da manh\u00e3. Os locais e hor\u00e1rios de provas ser\u00e3o divulgados no dia 06 de dezembro, atrav\u00e9s de edital de convoca\u00e7\u00e3o de provas, a ser publicado no Di\u00e1rio Oficial do Estado de S\u00e3o Paulo e pela FCC.<\/p>\n<p>Os gabaritos preliminares ser\u00e3o liberados no dia 16 de dezembro, a partir das 17 horas.<\/p>\n<\/div>\n<p><em><a href=\"https:\/\/noticiasconcursos.com.br\/concursos-por-nivel\/concursos-nivel-medio\/concurso-spprev-2019-edital-fcc\/\">LEIA MAIS\u00a0<\/a><\/em><\/p>\n<p>&nbsp;<\/p>\n<p>Fonte: Not\u00edcias Concursos<\/p>\n<!-- AddThis Advanced Settings generic via filter on the_content --><!-- AddThis Share Buttons generic via filter on the_content -->","protected":false},"excerpt":{"rendered":"<p>S\u00e3o Paulo Previd\u00eancia faz saber aos interessados a abertura de novo edital: concurso SPPrev para os cargos de Analista e T\u00e9cnico em Gest\u00e3o Previd\u00eanci\u00e1ria<!-- AddThis Advanced Settings generic via filter on get_the_excerpt --><!-- AddThis Share Buttons generic via filter on get_the_excerpt --><\/p>\n","protected":false},"author":25,"featured_media":4785,"comment_status":"closed","ping_status":"closed","sticky":false,"template":"","format":"standard","meta":{"site-sidebar-layout":"default","site-content-layout":"default","ast-main-header-display":"","ast-hfb-above-header-display":"","ast-hfb-below-header-display":"","ast-hfb-mobile-header-display":"","site-post-title":"","ast-breadcrumbs-content":"","ast-featured-img":"","footer-sml-layout":"","theme-transparent-header-meta":"","adv-header-id-meta":"","stick-header-meta":"","header-above-stick-meta":"","header-main-stick-meta":"","header-below-stick-meta":"","footnotes":""},"categories":[2],"tags":[153,184,236],"class_list":["post-4784","post","type-post","status-publish","format-standard","has-post-thumbnail","hentry","category-concursos","tag-concurso-spprev","tag-concursos-2019","tag-edital-publicado"],"yoast_head":"<!-- This site is optimized with the Yoast SEO plugin v18.1 - https:\/\/yoast.com\/wordpress\/plugins\/seo\/ -->\n<title>Concurso SPPrev 2019: saiu o edital para n\u00edvel m\u00e9dio e superior com 91 vagas - Blog Unicursos<\/title>\n<meta name=\"description\" content=\"S\u00e3o Paulo Previd\u00eancia faz saber aos interessados a abertura de novo edital: concurso SPPrev para os cargos de Analista e T\u00e9cnico em Gest\u00e3o Previd\u00eanci\u00e1ria\" \/>\n<meta name=\"robots\" content=\"index, follow, max-snippet:-1, max-image-preview:large, max-video-preview:-1\" \/>\n<link rel=\"canonical\" href=\"https:\/\/unicursos.com.br\/blog\/concurso-spprev-2019-saiu-o-edital-para-nivel-medio-e-superior-com-91-vagas\/\" \/>\n<meta property=\"og:locale\" content=\"pt_BR\" \/>\n<meta property=\"og:type\" content=\"article\" \/>\n<meta property=\"og:title\" content=\"Concurso SPPrev 2019: saiu o edital para n\u00edvel m\u00e9dio e superior com 91 vagas - Blog Unicursos\" \/>\n<meta property=\"og:description\" content=\"S\u00e3o Paulo Previd\u00eancia faz saber aos interessados a abertura de novo edital: concurso SPPrev para os cargos de Analista e T\u00e9cnico em Gest\u00e3o Previd\u00eanci\u00e1ria\" \/>\n<meta property=\"og:url\" content=\"https:\/\/unicursos.com.br\/blog\/concurso-spprev-2019-saiu-o-edital-para-nivel-medio-e-superior-com-91-vagas\/\" \/>\n<meta property=\"og:site_name\" content=\"Blog Unicursos\" \/>\n<meta property=\"article:published_time\" content=\"2019-10-25T14:01:56+00:00\" \/>\n<meta property=\"og:image\" content=\"https:\/\/unicursos.com.br\/blog\/wp-content\/uploads\/2019\/10\/concurso-SPPREV.jpg\" \/>\n\t<meta property=\"og:image:width\" content=\"1110\" \/>\n\t<meta property=\"og:image:height\" content=\"550\" \/>\n\t<meta property=\"og:image:type\" content=\"image\/jpeg\" \/>\n<meta name=\"twitter:card\" content=\"summary_large_image\" \/>\n<meta name=\"twitter:label1\" content=\"Escrito por\" \/>\n\t<meta name=\"twitter:data1\" content=\"D\u00e9bora\" \/>\n\t<meta name=\"twitter:label2\" content=\"Est. tempo de leitura\" \/>\n\t<meta name=\"twitter:data2\" content=\"4 minutos\" \/>\n<script type=\"application\/ld+json\" class=\"yoast-schema-graph\">{\"@context\":\"https:\/\/schema.org\",\"@graph\":[{\"@type\":\"WebSite\",\"@id\":\"https:\/\/unicursos.com.br\/blog\/#website\",\"url\":\"https:\/\/unicursos.com.br\/blog\/\",\"name\":\"Blog Unicursos\",\"description\":\"S\u00f3 mais um site WordPress\",\"potentialAction\":[{\"@type\":\"SearchAction\",\"target\":{\"@type\":\"EntryPoint\",\"urlTemplate\":\"https:\/\/unicursos.com.br\/blog\/?s={search_term_string}\"},\"query-input\":\"required name=search_term_string\"}],\"inLanguage\":\"pt-BR\"},{\"@type\":\"ImageObject\",\"@id\":\"https:\/\/unicursos.com.br\/blog\/concurso-spprev-2019-saiu-o-edital-para-nivel-medio-e-superior-com-91-vagas\/#primaryimage\",\"inLanguage\":\"pt-BR\",\"url\":\"https:\/\/unicursos.com.br\/blog\/wp-content\/uploads\/2019\/10\/concurso-SPPREV.jpg\",\"contentUrl\":\"https:\/\/unicursos.com.br\/blog\/wp-content\/uploads\/2019\/10\/concurso-SPPREV.jpg\",\"width\":1110,\"height\":550,\"caption\":\"Concurso SPPrev 2019\"},{\"@type\":\"WebPage\",\"@id\":\"https:\/\/unicursos.com.br\/blog\/concurso-spprev-2019-saiu-o-edital-para-nivel-medio-e-superior-com-91-vagas\/#webpage\",\"url\":\"https:\/\/unicursos.com.br\/blog\/concurso-spprev-2019-saiu-o-edital-para-nivel-medio-e-superior-com-91-vagas\/\",\"name\":\"Concurso SPPrev 2019: saiu o edital para n\u00edvel m\u00e9dio e superior com 91 vagas - Blog Unicursos\",\"isPartOf\":{\"@id\":\"https:\/\/unicursos.com.br\/blog\/#website\"},\"primaryImageOfPage\":{\"@id\":\"https:\/\/unicursos.com.br\/blog\/concurso-spprev-2019-saiu-o-edital-para-nivel-medio-e-superior-com-91-vagas\/#primaryimage\"},\"datePublished\":\"2019-10-25T14:01:56+00:00\",\"dateModified\":\"2019-10-25T14:01:56+00:00\",\"author\":{\"@id\":\"https:\/\/unicursos.com.br\/blog\/#\/schema\/person\/dfc74c1671266efe5e722ab25f2b2d0f\"},\"description\":\"S\u00e3o Paulo Previd\u00eancia faz saber aos interessados a abertura de novo edital: concurso SPPrev para os cargos de Analista e T\u00e9cnico em Gest\u00e3o Previd\u00eanci\u00e1ria\",\"breadcrumb\":{\"@id\":\"https:\/\/unicursos.com.br\/blog\/concurso-spprev-2019-saiu-o-edital-para-nivel-medio-e-superior-com-91-vagas\/#breadcrumb\"},\"inLanguage\":\"pt-BR\",\"potentialAction\":[{\"@type\":\"ReadAction\",\"target\":[\"https:\/\/unicursos.com.br\/blog\/concurso-spprev-2019-saiu-o-edital-para-nivel-medio-e-superior-com-91-vagas\/\"]}]},{\"@type\":\"BreadcrumbList\",\"@id\":\"https:\/\/unicursos.com.br\/blog\/concurso-spprev-2019-saiu-o-edital-para-nivel-medio-e-superior-com-91-vagas\/#breadcrumb\",\"itemListElement\":[{\"@type\":\"ListItem\",\"position\":1,\"name\":\"In\u00edcio\",\"item\":\"https:\/\/unicursos.com.br\/blog\/\"},{\"@type\":\"ListItem\",\"position\":2,\"name\":\"Concurso SPPrev 2019: saiu o edital para n\u00edvel m\u00e9dio e superior com 91 vagas\"}]},{\"@type\":\"Person\",\"@id\":\"https:\/\/unicursos.com.br\/blog\/#\/schema\/person\/dfc74c1671266efe5e722ab25f2b2d0f\",\"name\":\"D\u00e9bora\",\"image\":{\"@type\":\"ImageObject\",\"@id\":\"https:\/\/unicursos.com.br\/blog\/#personlogo\",\"inLanguage\":\"pt-BR\",\"url\":\"https:\/\/secure.gravatar.com\/avatar\/f5f616f92b90f70314e090b7f2cc906ab4b64319fc6511841ffb689c4d3d35f5?s=96&d=mm&r=g\",\"contentUrl\":\"https:\/\/secure.gravatar.com\/avatar\/f5f616f92b90f70314e090b7f2cc906ab4b64319fc6511841ffb689c4d3d35f5?s=96&d=mm&r=g\",\"caption\":\"D\u00e9bora\"},\"url\":\"https:\/\/unicursos.com.br\/blog\/author\/debora2\/\"}]}<\/script>\n<!-- \/ Yoast SEO plugin. -->","yoast_head_json":{"title":"Concurso SPPrev 2019: saiu o edital para n\u00edvel m\u00e9dio e superior com 91 vagas - Blog Unicursos","description":"S\u00e3o Paulo Previd\u00eancia faz saber aos interessados a abertura de novo edital: concurso SPPrev para os cargos de Analista e T\u00e9cnico em Gest\u00e3o Previd\u00eanci\u00e1ria","robots":{"index":"index","follow":"follow","max-snippet":"max-snippet:-1","max-image-preview":"max-image-preview:large","max-video-preview":"max-video-preview:-1"},"canonical":"https:\/\/unicursos.com.br\/blog\/concurso-spprev-2019-saiu-o-edital-para-nivel-medio-e-superior-com-91-vagas\/","og_locale":"pt_BR","og_type":"article","og_title":"Concurso SPPrev 2019: saiu o edital para n\u00edvel m\u00e9dio e superior com 91 vagas - Blog Unicursos","og_description":"S\u00e3o Paulo Previd\u00eancia faz saber aos interessados a abertura de novo edital: concurso SPPrev para os cargos de Analista e T\u00e9cnico em Gest\u00e3o Previd\u00eanci\u00e1ria","og_url":"https:\/\/unicursos.com.br\/blog\/concurso-spprev-2019-saiu-o-edital-para-nivel-medio-e-superior-com-91-vagas\/","og_site_name":"Blog Unicursos","article_published_time":"2019-10-25T14:01:56+00:00","og_image":[{"width":1110,"height":550,"url":"https:\/\/unicursos.com.br\/blog\/wp-content\/uploads\/2019\/10\/concurso-SPPREV.jpg","type":"image\/jpeg"}],"twitter_card":"summary_large_image","twitter_misc":{"Escrito por":"D\u00e9bora","Est. tempo de leitura":"4 minutos"},"schema":{"@context":"https:\/\/schema.org","@graph":[{"@type":"WebSite","@id":"https:\/\/unicursos.com.br\/blog\/#website","url":"https:\/\/unicursos.com.br\/blog\/","name":"Blog Unicursos","description":"S\u00f3 mais um site WordPress","potentialAction":[{"@type":"SearchAction","target":{"@type":"EntryPoint","urlTemplate":"https:\/\/unicursos.com.br\/blog\/?s={search_term_string}"},"query-input":"required name=search_term_string"}],"inLanguage":"pt-BR"},{"@type":"ImageObject","@id":"https:\/\/unicursos.com.br\/blog\/concurso-spprev-2019-saiu-o-edital-para-nivel-medio-e-superior-com-91-vagas\/#primaryimage","inLanguage":"pt-BR","url":"https:\/\/unicursos.com.br\/blog\/wp-content\/uploads\/2019\/10\/concurso-SPPREV.jpg","contentUrl":"https:\/\/unicursos.com.br\/blog\/wp-content\/uploads\/2019\/10\/concurso-SPPREV.jpg","width":1110,"height":550,"caption":"Concurso SPPrev 2019"},{"@type":"WebPage","@id":"https:\/\/unicursos.com.br\/blog\/concurso-spprev-2019-saiu-o-edital-para-nivel-medio-e-superior-com-91-vagas\/#webpage","url":"https:\/\/unicursos.com.br\/blog\/concurso-spprev-2019-saiu-o-edital-para-nivel-medio-e-superior-com-91-vagas\/","name":"Concurso SPPrev 2019: saiu o edital para n\u00edvel m\u00e9dio e superior com 91 vagas - Blog Unicursos","isPartOf":{"@id":"https:\/\/unicursos.com.br\/blog\/#website"},"primaryImageOfPage":{"@id":"https:\/\/unicursos.com.br\/blog\/concurso-spprev-2019-saiu-o-edital-para-nivel-medio-e-superior-com-91-vagas\/#primaryimage"},"datePublished":"2019-10-25T14:01:56+00:00","dateModified":"2019-10-25T14:01:56+00:00","author":{"@id":"https:\/\/unicursos.com.br\/blog\/#\/schema\/person\/dfc74c1671266efe5e722ab25f2b2d0f"},"description":"S\u00e3o Paulo Previd\u00eancia faz saber aos interessados a abertura de novo edital: concurso SPPrev para os cargos de Analista e T\u00e9cnico em Gest\u00e3o Previd\u00eanci\u00e1ria","breadcrumb":{"@id":"https:\/\/unicursos.com.br\/blog\/concurso-spprev-2019-saiu-o-edital-para-nivel-medio-e-superior-com-91-vagas\/#breadcrumb"},"inLanguage":"pt-BR","potentialAction":[{"@type":"ReadAction","target":["https:\/\/unicursos.com.br\/blog\/concurso-spprev-2019-saiu-o-edital-para-nivel-medio-e-superior-com-91-vagas\/"]}]},{"@type":"BreadcrumbList","@id":"https:\/\/unicursos.com.br\/blog\/concurso-spprev-2019-saiu-o-edital-para-nivel-medio-e-superior-com-91-vagas\/#breadcrumb","itemListElement":[{"@type":"ListItem","position":1,"name":"In\u00edcio","item":"https:\/\/unicursos.com.br\/blog\/"},{"@type":"ListItem","position":2,"name":"Concurso SPPrev 2019: saiu o edital para n\u00edvel m\u00e9dio e superior com 91 vagas"}]},{"@type":"Person","@id":"https:\/\/unicursos.com.br\/blog\/#\/schema\/person\/dfc74c1671266efe5e722ab25f2b2d0f","name":"D\u00e9bora","image":{"@type":"ImageObject","@id":"https:\/\/unicursos.com.br\/blog\/#personlogo","inLanguage":"pt-BR","url":"https:\/\/secure.gravatar.com\/avatar\/f5f616f92b90f70314e090b7f2cc906ab4b64319fc6511841ffb689c4d3d35f5?s=96&d=mm&r=g","contentUrl":"https:\/\/secure.gravatar.com\/avatar\/f5f616f92b90f70314e090b7f2cc906ab4b64319fc6511841ffb689c4d3d35f5?s=96&d=mm&r=g","caption":"D\u00e9bora"},"url":"https:\/\/unicursos.com.br\/blog\/author\/debora2\/"}]}},"_links":{"self":[{"href":"https:\/\/unicursos.com.br\/blog\/wp-json\/wp\/v2\/posts\/4784","targetHints":{"allow":["GET"]}}],"collection":[{"href":"https:\/\/unicursos.com.br\/blog\/wp-json\/wp\/v2\/posts"}],"about":[{"href":"https:\/\/unicursos.com.br\/blog\/wp-json\/wp\/v2\/types\/post"}],"author":[{"embeddable":true,"href":"https:\/\/unicursos.com.br\/blog\/wp-json\/wp\/v2\/users\/25"}],"replies":[{"embeddable":true,"href":"https:\/\/unicursos.com.br\/blog\/wp-json\/wp\/v2\/comments?post=4784"}],"version-history":[{"count":0,"href":"https:\/\/unicursos.com.br\/blog\/wp-json\/wp\/v2\/posts\/4784\/revisions"}],"wp:featuredmedia":[{"embeddable":true,"href":"https:\/\/unicursos.com.br\/blog\/wp-json\/wp\/v2\/media\/4785"}],"wp:attachment":[{"href":"https:\/\/unicursos.com.br\/blog\/wp-json\/wp\/v2\/media?parent=4784"}],"wp:term":[{"taxonomy":"category","embeddable":true,"href":"https:\/\/unicursos.com.br\/blog\/wp-json\/wp\/v2\/categories?post=4784"},{"taxonomy":"post_tag","embeddable":true,"href":"https:\/\/unicursos.com.br\/blog\/wp-json\/wp\/v2\/tags?post=4784"}],"curies":[{"name":"wp","href":"https:\/\/api.w.org\/{rel}","templated":true}]}}