{"id":5905,"date":"2020-09-04T16:07:48","date_gmt":"2020-09-04T19:07:48","guid":{"rendered":"https:\/\/unicursos.com.br\/concurso-da-policia-federal-2020-autorizado-copy\/"},"modified":"2020-09-04T16:07:48","modified_gmt":"2020-09-04T19:07:48","slug":"edital-aberto-camara-caraguatatuba","status":"publish","type":"post","link":"https:\/\/unicursos.com.br\/blog\/edital-aberto-camara-caraguatatuba\/","title":{"rendered":"Edital aberto C\u00e2mara Caraguatatuba"},"content":{"rendered":"<h2><span style=\"font-weight: 400;\">As inscri\u00e7\u00f5es do Concurso da C\u00e2mara de Caraguatatuba j\u00e1 est\u00e3o acontecendo atrav\u00e9s do site: <a href=\"http:\/\/www.institutoindec.com.br\/site\/index.aspx\">http:\/\/www.institutoindec.com.br\/site\/index.aspx<\/a> e v\u00e3o at\u00e9 o dia 8 de outubro de 2020. O processo seletivo \u00e9 organizado pelo Instituto Nacional de Desenvolvimento Educacional e Capacita\u00e7\u00e3o (Indec) e o candidato deve ler o edital em sua integra.\u00a0<\/span><\/h2>\n<p style=\"text-align: center;\"><span style=\"font-size: 14pt;\"><strong>Resumo do edital:\u00a0<\/strong><\/span><\/p>\n<p><strong><u>ENSINO FUNDAMENTAL<\/u><\/strong> \u2013 taxa R$ 55 &#8211; Carga hor\u00e1ria semanal: 30h<\/p>\n<p>Assistente Administrativo III \u2013 R$ 2029,25 \u2013 09 vagas<\/p>\n<p>Auxiliar de Servi\u00e7os Gerais \u2013 R$ 1412,27 \u2013 04 vagas<\/p>\n<p><strong><u>ENSINO M\u00c9DIO<\/u><\/strong> \u2013 taxa R$ 65 \u2013\u00a0 Carga hor\u00e1ria semanal: 30h<\/p>\n<p>Agente Administrativo \u2013 R$ 2556,95 \u2013 09 vagas<\/p>\n<p>Agente de Servi\u00e7os Externos \u2013 R$ 3106,96 \u2013 03 vagas<\/p>\n<p>Agente de Protocolo e Arquivo \u2013 R$ 2976,87 \u2013 01 vaga<\/p>\n<p>Agente de Inform\u00e1tica \u2013 R$ 3106,96 \u2013 02 vagas<\/p>\n<p>Agente de RH \u2013 R$ 3437,77 \u2013 01 vaga<\/p>\n<p>Agente de Patrim\u00f4nio e Almoxarifado \u2013 R$ 3437,77 \u2013 01 vaga<\/p>\n<p>Recepcionista \u2013 R$ 1880,54 \u2013 02 vagas<\/p>\n<p>Redator de Atas &#8211; 3437,77 \u2013 01 vaga<\/p>\n<p><strong><u>ENSINO SUPERIOR<\/u><\/strong> \u2013 taxa R$ 85\u00a0 &#8211; Carga hor\u00e1ria semanal: 30h<\/p>\n<p>Agente de Comunica\u00e7\u00e3o \u2013 R$ 3437,77 \u2013 02 vagas<\/p>\n<p>Assistente Jur\u00eddico \u2013 R$ 5087,89 \u2013 01 vaga<\/p>\n<p>Agente de Suporte e Controle \u2013 R$ 4459,82 \u2013 01 vaga<\/p>\n<p>Agente Financeiro &#8211; R$ 4459,82 \u2013 01 vaga<\/p>\n<p>Controlador Interno &#8211; R$ 5539,17 \u2013 01 vaga<\/p>\n<p>Oficial Legislativo &#8211; R$ 4459,82 \u2013 03 vagas<\/p>\n<p><strong>Atribui\u00e7\u00f5es de alguns cargos<\/strong><\/p>\n<p><strong>Agente administrativo<\/strong> &#8211; Execu\u00e7\u00e3o de servi\u00e7os gerais administrativos de apoio, elabora\u00e7\u00e3o de documentos, of\u00edcios, certid\u00f5es e outros atos oficiais, com uso de equipamentos de inform\u00e1tica de edi\u00e7\u00e3o de textos, planilhas e programas espec\u00edficos do setor; outros, determinados pela dire\u00e7\u00e3o.<\/p>\n<p><strong>Agente de protocolo e arquivo<\/strong> &#8211; Responsabilizar-se pelo arquivo dos documentos oficiais da C\u00e2mara, processos, mantendo-os organizados, e ainda pelos servi\u00e7os de protocolo de pap\u00e9is, mantendo rigoroso controle de todos eles, inclusive em rela\u00e7\u00e3o \u00e0 sua circula\u00e7\u00e3o nos setores da C\u00e2mara Municipal; responsabilizar-se pelos livros oficiais institu\u00eddos, como de Leis, Atas, Resolu\u00e7\u00f5es, Decretos Legislativo, Emendas \u00e0 LOM e cong\u00eaneres; outros, t\u00edpicos do setor ou determinados pela dire\u00e7\u00e3o.<\/p>\n<p><strong>Agente de comunica\u00e7\u00e3o<\/strong> &#8211; Responsabilizar-se pela divulga\u00e7\u00e3o dos trabalhos legislativos, elaborando textos jornal\u00edsticos para as diversas m\u00eddias, acompanhando o notici\u00e1rio local e regional e providenciando os servi\u00e7os de clipping; submeter \u00e0 aprecia\u00e7\u00e3o previa do presidente toda mat\u00e9ria que deva ser publicada e divulgada; suprir conte\u00fados da internet; responsabilizar-se pela TV C\u00e2mara; outros, determinados pela dire\u00e7\u00e3o.<\/p>\n<p><strong>Prova<\/strong>:<\/p>\n<p>tempo de realiza\u00e7\u00e3o de 2\u00a0\u00a0 horas com 40 quest\u00f5es.<\/p>\n<p>Em fun\u00e7\u00e3o da pandemia de coronav\u00edrus, a avalia\u00e7\u00e3o objetiva ainda n\u00e3o tem data definida. O exame cobrar\u00e1 a resolu\u00e7\u00e3o de 40 quest\u00f5es de m\u00faltipla escolha. O conte\u00fado program\u00e1tico, que varia de acordo com a vaga, abrange:<\/p>\n<p>Para todos os cargos ser\u00e1 cobrado L\u00edngua Portuguesa e Matem\u00e1tica, Inform\u00e1tica para alguns cargos e\u00a0 Conhecimentos Espec\u00edficos dependendo da \u00e1rea.<\/p>\n<p>A sele\u00e7\u00e3o ter\u00e1 validade de dois anos, a contar da homologa\u00e7\u00e3o do resultado final.<\/p>\n<p>Assista a uma palestra sobre o concurso de Caraguatatuba e outros concursos em nossa p\u00e1gina com mais de 10 de horas de aulas gratuitas em:\u00a0<a href=\"https:\/\/lps.unicursos.com.br\/aulas-free\/\">https:\/\/lps.unicursos.com.br\/aulas-free\/<\/a><\/p>\n<p>Fonte:<\/p>\n<p><a href=\"http:\/\/www.institutoindec.com.br\/indec\/publi\/concurso276\/Edital_Abertura.pdf\">Edital Indec\u00a0<\/a><\/p>\n<!-- AddThis Advanced Settings generic via filter on the_content --><!-- AddThis Share Buttons generic via filter on the_content -->","protected":false},"excerpt":{"rendered":"<p>Confira a lista de concursos que foram afetados no Brasil.<!-- AddThis Advanced Settings generic via filter on get_the_excerpt --><!-- AddThis Share Buttons generic via filter on get_the_excerpt --><\/p>\n","protected":false},"author":25,"featured_media":5920,"comment_status":"closed","ping_status":"closed","sticky":false,"template":"","format":"standard","meta":{"site-sidebar-layout":"default","site-content-layout":"default","ast-main-header-display":"","ast-hfb-above-header-display":"","ast-hfb-below-header-display":"","ast-hfb-mobile-header-display":"","site-post-title":"","ast-breadcrumbs-content":"","ast-featured-img":"","footer-sml-layout":"","theme-transparent-header-meta":"","adv-header-id-meta":"","stick-header-meta":"","header-above-stick-meta":"","header-main-stick-meta":"","header-below-stick-meta":"","footnotes":""},"categories":[2],"tags":[185,205,234,388],"class_list":["post-5905","post","type-post","status-publish","format-standard","has-post-thumbnail","hentry","category-concursos","tag-concursos-2020","tag-concursos-sao-paulo","tag-edital-previsto","tag-unicursos"],"yoast_head":"<!-- This site is optimized with the Yoast SEO plugin v18.1 - https:\/\/yoast.com\/wordpress\/plugins\/seo\/ -->\n<title>- Blog Unicursos<\/title>\n<meta name=\"description\" content=\"Durante live no dia 20 de agosto o presidente Jair Bolsonaro confirmou que o concurso da Pol\u00edcia Federal 2020 est\u00e1 autorizado e a oferta \u00e9 de 2 mil vagas...\" \/>\n<meta name=\"robots\" content=\"index, follow, max-snippet:-1, max-image-preview:large, max-video-preview:-1\" \/>\n<link rel=\"canonical\" href=\"https:\/\/unicursos.com.br\/blog\/edital-aberto-camara-caraguatatuba\/\" \/>\n<meta property=\"og:locale\" content=\"pt_BR\" \/>\n<meta property=\"og:type\" content=\"article\" \/>\n<meta property=\"og:title\" content=\"- Blog Unicursos\" \/>\n<meta property=\"og:description\" content=\"Durante live no dia 20 de agosto o presidente Jair Bolsonaro confirmou que o concurso da Pol\u00edcia Federal 2020 est\u00e1 autorizado e a oferta \u00e9 de 2 mil vagas...\" \/>\n<meta property=\"og:url\" content=\"https:\/\/unicursos.com.br\/blog\/edital-aberto-camara-caraguatatuba\/\" \/>\n<meta property=\"og:site_name\" content=\"Blog Unicursos\" \/>\n<meta property=\"article:published_time\" content=\"2020-09-04T19:07:48+00:00\" \/>\n<meta name=\"twitter:card\" content=\"summary_large_image\" \/>\n<meta name=\"twitter:label1\" content=\"Escrito por\" \/>\n\t<meta name=\"twitter:data1\" content=\"D\u00e9bora\" \/>\n\t<meta name=\"twitter:label2\" content=\"Est. tempo de leitura\" \/>\n\t<meta name=\"twitter:data2\" content=\"3 minutos\" \/>\n<script type=\"application\/ld+json\" class=\"yoast-schema-graph\">{\"@context\":\"https:\/\/schema.org\",\"@graph\":[{\"@type\":\"WebSite\",\"@id\":\"https:\/\/unicursos.com.br\/blog\/#website\",\"url\":\"https:\/\/unicursos.com.br\/blog\/\",\"name\":\"Blog Unicursos\",\"description\":\"S\u00f3 mais um site WordPress\",\"potentialAction\":[{\"@type\":\"SearchAction\",\"target\":{\"@type\":\"EntryPoint\",\"urlTemplate\":\"https:\/\/unicursos.com.br\/blog\/?s={search_term_string}\"},\"query-input\":\"required name=search_term_string\"}],\"inLanguage\":\"pt-BR\"},{\"@type\":\"ImageObject\",\"@id\":\"https:\/\/unicursos.com.br\/blog\/edital-aberto-camara-caraguatatuba\/#primaryimage\",\"inLanguage\":\"pt-BR\",\"url\":\"\",\"contentUrl\":\"\"},{\"@type\":\"WebPage\",\"@id\":\"https:\/\/unicursos.com.br\/blog\/edital-aberto-camara-caraguatatuba\/#webpage\",\"url\":\"https:\/\/unicursos.com.br\/blog\/edital-aberto-camara-caraguatatuba\/\",\"name\":\"- Blog Unicursos\",\"isPartOf\":{\"@id\":\"https:\/\/unicursos.com.br\/blog\/#website\"},\"primaryImageOfPage\":{\"@id\":\"https:\/\/unicursos.com.br\/blog\/edital-aberto-camara-caraguatatuba\/#primaryimage\"},\"datePublished\":\"2020-09-04T19:07:48+00:00\",\"dateModified\":\"2020-09-04T19:07:48+00:00\",\"author\":{\"@id\":\"https:\/\/unicursos.com.br\/blog\/#\/schema\/person\/dfc74c1671266efe5e722ab25f2b2d0f\"},\"description\":\"Durante live no dia 20 de agosto o presidente Jair Bolsonaro confirmou que o concurso da Pol\u00edcia Federal 2020 est\u00e1 autorizado e a oferta \u00e9 de 2 mil vagas...\",\"breadcrumb\":{\"@id\":\"https:\/\/unicursos.com.br\/blog\/edital-aberto-camara-caraguatatuba\/#breadcrumb\"},\"inLanguage\":\"pt-BR\",\"potentialAction\":[{\"@type\":\"ReadAction\",\"target\":[\"https:\/\/unicursos.com.br\/blog\/edital-aberto-camara-caraguatatuba\/\"]}]},{\"@type\":\"BreadcrumbList\",\"@id\":\"https:\/\/unicursos.com.br\/blog\/edital-aberto-camara-caraguatatuba\/#breadcrumb\",\"itemListElement\":[{\"@type\":\"ListItem\",\"position\":1,\"name\":\"In\u00edcio\",\"item\":\"https:\/\/unicursos.com.br\/blog\/\"},{\"@type\":\"ListItem\",\"position\":2,\"name\":\"Edital aberto C\u00e2mara Caraguatatuba\"}]},{\"@type\":\"Person\",\"@id\":\"https:\/\/unicursos.com.br\/blog\/#\/schema\/person\/dfc74c1671266efe5e722ab25f2b2d0f\",\"name\":\"D\u00e9bora\",\"image\":{\"@type\":\"ImageObject\",\"@id\":\"https:\/\/unicursos.com.br\/blog\/#personlogo\",\"inLanguage\":\"pt-BR\",\"url\":\"https:\/\/secure.gravatar.com\/avatar\/f5f616f92b90f70314e090b7f2cc906ab4b64319fc6511841ffb689c4d3d35f5?s=96&d=mm&r=g\",\"contentUrl\":\"https:\/\/secure.gravatar.com\/avatar\/f5f616f92b90f70314e090b7f2cc906ab4b64319fc6511841ffb689c4d3d35f5?s=96&d=mm&r=g\",\"caption\":\"D\u00e9bora\"},\"url\":\"https:\/\/unicursos.com.br\/blog\/author\/debora2\/\"}]}<\/script>\n<!-- \/ Yoast SEO plugin. -->","yoast_head_json":{"title":"- Blog Unicursos","description":"Durante live no dia 20 de agosto o presidente Jair Bolsonaro confirmou que o concurso da Pol\u00edcia Federal 2020 est\u00e1 autorizado e a oferta \u00e9 de 2 mil vagas...","robots":{"index":"index","follow":"follow","max-snippet":"max-snippet:-1","max-image-preview":"max-image-preview:large","max-video-preview":"max-video-preview:-1"},"canonical":"https:\/\/unicursos.com.br\/blog\/edital-aberto-camara-caraguatatuba\/","og_locale":"pt_BR","og_type":"article","og_title":"- Blog Unicursos","og_description":"Durante live no dia 20 de agosto o presidente Jair Bolsonaro confirmou que o concurso da Pol\u00edcia Federal 2020 est\u00e1 autorizado e a oferta \u00e9 de 2 mil vagas...","og_url":"https:\/\/unicursos.com.br\/blog\/edital-aberto-camara-caraguatatuba\/","og_site_name":"Blog Unicursos","article_published_time":"2020-09-04T19:07:48+00:00","twitter_card":"summary_large_image","twitter_misc":{"Escrito por":"D\u00e9bora","Est. tempo de leitura":"3 minutos"},"schema":{"@context":"https:\/\/schema.org","@graph":[{"@type":"WebSite","@id":"https:\/\/unicursos.com.br\/blog\/#website","url":"https:\/\/unicursos.com.br\/blog\/","name":"Blog Unicursos","description":"S\u00f3 mais um site WordPress","potentialAction":[{"@type":"SearchAction","target":{"@type":"EntryPoint","urlTemplate":"https:\/\/unicursos.com.br\/blog\/?s={search_term_string}"},"query-input":"required name=search_term_string"}],"inLanguage":"pt-BR"},{"@type":"ImageObject","@id":"https:\/\/unicursos.com.br\/blog\/edital-aberto-camara-caraguatatuba\/#primaryimage","inLanguage":"pt-BR","url":"","contentUrl":""},{"@type":"WebPage","@id":"https:\/\/unicursos.com.br\/blog\/edital-aberto-camara-caraguatatuba\/#webpage","url":"https:\/\/unicursos.com.br\/blog\/edital-aberto-camara-caraguatatuba\/","name":"- Blog Unicursos","isPartOf":{"@id":"https:\/\/unicursos.com.br\/blog\/#website"},"primaryImageOfPage":{"@id":"https:\/\/unicursos.com.br\/blog\/edital-aberto-camara-caraguatatuba\/#primaryimage"},"datePublished":"2020-09-04T19:07:48+00:00","dateModified":"2020-09-04T19:07:48+00:00","author":{"@id":"https:\/\/unicursos.com.br\/blog\/#\/schema\/person\/dfc74c1671266efe5e722ab25f2b2d0f"},"description":"Durante live no dia 20 de agosto o presidente Jair Bolsonaro confirmou que o concurso da Pol\u00edcia Federal 2020 est\u00e1 autorizado e a oferta \u00e9 de 2 mil vagas...","breadcrumb":{"@id":"https:\/\/unicursos.com.br\/blog\/edital-aberto-camara-caraguatatuba\/#breadcrumb"},"inLanguage":"pt-BR","potentialAction":[{"@type":"ReadAction","target":["https:\/\/unicursos.com.br\/blog\/edital-aberto-camara-caraguatatuba\/"]}]},{"@type":"BreadcrumbList","@id":"https:\/\/unicursos.com.br\/blog\/edital-aberto-camara-caraguatatuba\/#breadcrumb","itemListElement":[{"@type":"ListItem","position":1,"name":"In\u00edcio","item":"https:\/\/unicursos.com.br\/blog\/"},{"@type":"ListItem","position":2,"name":"Edital aberto C\u00e2mara Caraguatatuba"}]},{"@type":"Person","@id":"https:\/\/unicursos.com.br\/blog\/#\/schema\/person\/dfc74c1671266efe5e722ab25f2b2d0f","name":"D\u00e9bora","image":{"@type":"ImageObject","@id":"https:\/\/unicursos.com.br\/blog\/#personlogo","inLanguage":"pt-BR","url":"https:\/\/secure.gravatar.com\/avatar\/f5f616f92b90f70314e090b7f2cc906ab4b64319fc6511841ffb689c4d3d35f5?s=96&d=mm&r=g","contentUrl":"https:\/\/secure.gravatar.com\/avatar\/f5f616f92b90f70314e090b7f2cc906ab4b64319fc6511841ffb689c4d3d35f5?s=96&d=mm&r=g","caption":"D\u00e9bora"},"url":"https:\/\/unicursos.com.br\/blog\/author\/debora2\/"}]}},"_links":{"self":[{"href":"https:\/\/unicursos.com.br\/blog\/wp-json\/wp\/v2\/posts\/5905","targetHints":{"allow":["GET"]}}],"collection":[{"href":"https:\/\/unicursos.com.br\/blog\/wp-json\/wp\/v2\/posts"}],"about":[{"href":"https:\/\/unicursos.com.br\/blog\/wp-json\/wp\/v2\/types\/post"}],"author":[{"embeddable":true,"href":"https:\/\/unicursos.com.br\/blog\/wp-json\/wp\/v2\/users\/25"}],"replies":[{"embeddable":true,"href":"https:\/\/unicursos.com.br\/blog\/wp-json\/wp\/v2\/comments?post=5905"}],"version-history":[{"count":0,"href":"https:\/\/unicursos.com.br\/blog\/wp-json\/wp\/v2\/posts\/5905\/revisions"}],"wp:featuredmedia":[{"embeddable":true,"href":"https:\/\/unicursos.com.br\/blog\/wp-json\/"}],"wp:attachment":[{"href":"https:\/\/unicursos.com.br\/blog\/wp-json\/wp\/v2\/media?parent=5905"}],"wp:term":[{"taxonomy":"category","embeddable":true,"href":"https:\/\/unicursos.com.br\/blog\/wp-json\/wp\/v2\/categories?post=5905"},{"taxonomy":"post_tag","embeddable":true,"href":"https:\/\/unicursos.com.br\/blog\/wp-json\/wp\/v2\/tags?post=5905"}],"curies":[{"name":"wp","href":"https:\/\/api.w.org\/{rel}","templated":true}]}}