{"id":6677,"date":"2021-05-12T12:15:24","date_gmt":"2021-05-12T15:15:24","guid":{"rendered":"https:\/\/unicursos.com.br\/concurso-prf-acao-popular-pede-adiamento-das-provas-copy\/"},"modified":"2021-05-12T12:15:24","modified_gmt":"2021-05-12T15:15:24","slug":"concurso-pf-pedido-de-area-administrativa-e-renovado","status":"publish","type":"post","link":"https:\/\/unicursos.com.br\/blog\/concurso-pf-pedido-de-area-administrativa-e-renovado\/","title":{"rendered":"Concurso PF: Pedido de \u00e1rea administrativa \u00e9 renovado!"},"content":{"rendered":"<h2>A Pol\u00edcia Federal confirmou que renovou o pedido do concurso PF para \u00e1rea administrativa e que a solicita\u00e7\u00e3o atualizada j\u00e1 est\u00e1 em an\u00e1lise no Minist\u00e9rio da Economia.<\/h2>\n<p>A renova\u00e7\u00e3o da solicita\u00e7\u00e3o para um novo Concurso PF foi para atualizar a demanda com mais vagas segundo os cargos vagos que surgiram no decorrer dos \u00faltimos meses e agora a PF pede por 557 vagas em cargos de n\u00edvel m\u00e9dio e superior, sendo a divis\u00e3o:<\/p>\n<ul>\n<li><strong>404 vagas para o agente administrativo\u00a0<\/strong>&#8211; N\u00edvel m\u00e9dio e R$4.710,76<\/li>\n<li><strong>153 vagas\u00a0para\u00a0cargos de n\u00edvel superior<\/strong>\u00a0&#8211; N\u00edvel superior nas \u00e1reas contempladas e R$5.559,67<\/li>\n<\/ul>\n<p>O cargo mais esperado \u00e9 o agente administrativo de n\u00edvel m\u00e9dio, do Plano Especial de Cargos. No pedido que foi enviado em 2020 a carreira contava com 349 vagas solicitadas.<\/p>\n<p>Assim o pedido equivale a um aumento de 55 no n\u00famero de vagas solicitadas para n\u00edvel m\u00e9dio, e uma redu\u00e7\u00e3o de 6 vagas para os cargos de n\u00edvel superior.<\/p>\n<p>No pedido de 2020 os cargos de n\u00edvel superior pedidos pela PF foram:<\/p>\n<ul>\n<li>Administrador &#8211; 21 vagas;<\/li>\n<li>Arquivista &#8211; oito vagas;<\/li>\n<li>Assistente social &#8211; 10 vagas;<\/li>\n<li>Bibliotec\u00e1rio &#8211; uma vaga;<\/li>\n<li>Contador &#8211; nove vagas;<\/li>\n<li>Economista &#8211; tr\u00eas vagas;<\/li>\n<li>Enfermeiro &#8211; tr\u00eas vagas;<\/li>\n<li>Engenheiro &#8211; uma vaga;<\/li>\n<li>Estat\u00edstico &#8211; quatro vagas;<\/li>\n<li>Farmac\u00eautico &#8211; uma vaga;<\/li>\n<li>M\u00e9dico &#8211; 65 vagas;<\/li>\n<li>Nutricionista &#8211; uma vaga;<\/li>\n<li>Odont\u00f3logo &#8211; 11 vagas;<\/li>\n<li>Psic\u00f3logo &#8211; cinco vagas;<\/li>\n<li>T\u00e9cnico em assuntos educacionais &#8211; 13 vagas;<\/li>\n<li>T\u00e9cnico em comunica\u00e7\u00e3o social &#8211; tr\u00eas vagas;<\/li>\n<\/ul>\n<h3>Pedido de concurso PF depender\u00e1 de aval da Economia<\/h3>\n<p>Assim como aconteceu em 2020 com a \u00e1rea Policial, \u00e9 preciso que a Economia autorize a sele\u00e7\u00e3o, mas no geral um novo concurso PF para a \u00e1rea administrativa \u00e9 visto com urg\u00eancia e import\u00e2ncia, j\u00e1 que h\u00e1 anos que a corpora\u00e7\u00e3o n\u00e3o admite novos servidores efetivos para ocupar esses cargos.<\/p>\n<p>Existe a expectativa que de que a Pol\u00edcia Rodovi\u00e1ria Federal tamb\u00e9m v\u00e1 renovar o pedido para \u00e1rea de apoio.<\/p>\n<h3>Agente administrativo da PF<\/h3>\n<p>As \u00e1reas de atua\u00e7\u00e3o do agente administrativo da Pol\u00edcia Federal s\u00e3o Recursos Humanos, patrim\u00f4nio financeiro, licita\u00e7\u00f5es e contratos, entre outras \u00e1reas.<\/p>\n<p>Os locais aonde esse servidor poder\u00e1 atuar s\u00e3o em delegacia de migra\u00e7\u00e3o, fazendo a emiss\u00e3o de passaporte ou atuando junto aos Peritos.<\/p>\n<p>A Delegacia de Controle de Armas e Produtos Qu\u00edmicos tamb\u00e9m possui servidores administrativos, apoiando o processo de concess\u00e3o de porte de arma.<\/p>\n<p>A carga de trabalho \u00e9 de 40 horas semanais e o regime de contrata\u00e7\u00e3o \u00e9 estatu\u00e1rio, ou seja com estabilidade.<\/p>\n<h3>\u00daltimo concurso de agente administrativo PF<\/h3>\n<p>O \u00faltimo concurso de agente administrativo aconteceu em 2013, ou seja, a PF est\u00e1 h\u00e1 oito anos sem um novo edital para estes cargos, e como o concurso venceu em 2018, a corpora\u00e7\u00e3o n\u00e3o pode chamar servidores da \u00faltima sele\u00e7\u00e3o, tendo que contratar apenas a partir de um novo concurso.<\/p>\n<p>Nessa sele\u00e7\u00e3o a banca foi a <a href=\"https:\/\/www.cebraspe.org.br\/\">Cebraspe<\/a> e eram 534 vagas somente para agente administrativo, em diversos estados, al\u00e9m do Distrito Federal.<\/p>\n<p>Os candidatos foram avaliados por meio de uma prova objetivo, e os de n\u00edvel superior passaram por uma prova discursiva, e totalizou num n\u00famero de 324.497 inscritos.<\/p>\n<p>As disciplinas cobradas para o cargo de agente administrativo foram:<\/p>\n<p><strong>Conhecimentos B\u00e1sicos\u00a0(50 quest\u00f5es):\u00a0<\/strong>Portugu\u00eas, No\u00e7\u00f5es de Inform\u00e1tica, Racioc\u00ednio L\u00f3gico, Atualidades, No\u00e7\u00f5es de Direito Administrativo, No\u00e7\u00f5es de Direito Constitucional.<\/p>\n<p><strong>Conhecimentos Espec\u00edficos\u00a0(70 quest\u00f5es):\u00a0<\/strong>No\u00e7\u00f5es de Administra\u00e7\u00e3o P\u00fablica, No\u00e7\u00f5es de Administra\u00e7\u00e3o Financeira e Or\u00e7ament\u00e1ria, No\u00e7\u00f5es de Gest\u00e3o de Pessoas nas Organiza\u00e7\u00f5es, No\u00e7\u00f5es de Arquivologia, No\u00e7\u00f5es de Administra\u00e7\u00e3o de Recursos Materiais, Legisla\u00e7\u00e3o Aplicada \u00e1 Pol\u00edcia Federal.<\/p>\n<p>Comece a se preparar para o concurso que pode sair na \u00e1rea administrativa!<\/p>\n<p>Entre em <strong><a href=\"https:\/\/unicursos.com.br\/contato\/\">contato com nossas consultoras:\u00a0<\/a><\/strong><\/p>\n<p><strong>3909-5800<\/strong><\/p>\n<p><strong><a href=\"https:\/\/api.whatsapp.com\/send?phone=5512996504674\">12 99650-4674<\/a><\/strong><\/p>\n<p><span style=\"font-size: 14pt;\"><strong>Fonte:\u00a0<\/strong><\/span><\/p>\n<p>Folha Dirigida<\/p>\n<!-- AddThis Advanced Settings generic via filter on the_content --><!-- AddThis Share Buttons generic via filter on the_content -->","protected":false},"excerpt":{"rendered":"<p>Confira a lista de concursos que foram afetados no Brasil.<!-- AddThis Advanced Settings generic via filter on get_the_excerpt --><!-- AddThis Share Buttons generic via filter on get_the_excerpt --><\/p>\n","protected":false},"author":26,"featured_media":6681,"comment_status":"closed","ping_status":"closed","sticky":false,"template":"","format":"standard","meta":{"site-sidebar-layout":"default","site-content-layout":"default","ast-main-header-display":"","ast-hfb-above-header-display":"","ast-hfb-below-header-display":"","ast-hfb-mobile-header-display":"","site-post-title":"","ast-breadcrumbs-content":"","ast-featured-img":"","footer-sml-layout":"","theme-transparent-header-meta":"","adv-header-id-meta":"","stick-header-meta":"","header-above-stick-meta":"","header-main-stick-meta":"","header-below-stick-meta":"","footnotes":""},"categories":[2,3],"tags":[],"class_list":["post-6677","post","type-post","status-publish","format-standard","has-post-thumbnail","hentry","category-concursos","category-cursos-online"],"yoast_head":"<!-- This site is optimized with the Yoast SEO plugin v18.1 - https:\/\/yoast.com\/wordpress\/plugins\/seo\/ -->\n<title>Concurso PF: Pedido de \u00e1rea administrativa \u00e9 renovado! - Blog Unicursos<\/title>\n<meta name=\"description\" content=\"O pedido para um novo Concurso PF na \u00e1rea administrativa foi renovado e est\u00e1 em an\u00e1lise no Minist\u00e9rio da Economia, leia mais:\" \/>\n<meta name=\"robots\" content=\"index, follow, max-snippet:-1, max-image-preview:large, max-video-preview:-1\" \/>\n<link rel=\"canonical\" href=\"https:\/\/unicursos.com.br\/blog\/concurso-pf-pedido-de-area-administrativa-e-renovado\/\" \/>\n<meta property=\"og:locale\" content=\"pt_BR\" \/>\n<meta property=\"og:type\" content=\"article\" \/>\n<meta property=\"og:title\" content=\"Concurso PF: Pedido de \u00e1rea administrativa \u00e9 renovado! - Blog Unicursos\" \/>\n<meta property=\"og:description\" content=\"O pedido para um novo Concurso PF na \u00e1rea administrativa foi renovado e est\u00e1 em an\u00e1lise no Minist\u00e9rio da Economia, leia mais:\" \/>\n<meta property=\"og:url\" content=\"https:\/\/unicursos.com.br\/blog\/concurso-pf-pedido-de-area-administrativa-e-renovado\/\" \/>\n<meta property=\"og:site_name\" content=\"Blog Unicursos\" \/>\n<meta property=\"article:published_time\" content=\"2021-05-12T15:15:24+00:00\" \/>\n<meta name=\"twitter:card\" content=\"summary_large_image\" \/>\n<meta name=\"twitter:label1\" content=\"Escrito por\" \/>\n\t<meta name=\"twitter:data1\" content=\"Denilson Costa\" \/>\n\t<meta name=\"twitter:label2\" content=\"Est. tempo de leitura\" \/>\n\t<meta name=\"twitter:data2\" content=\"3 minutos\" \/>\n<script type=\"application\/ld+json\" class=\"yoast-schema-graph\">{\"@context\":\"https:\/\/schema.org\",\"@graph\":[{\"@type\":\"WebSite\",\"@id\":\"https:\/\/unicursos.com.br\/blog\/#website\",\"url\":\"https:\/\/unicursos.com.br\/blog\/\",\"name\":\"Blog Unicursos\",\"description\":\"S\u00f3 mais um site WordPress\",\"potentialAction\":[{\"@type\":\"SearchAction\",\"target\":{\"@type\":\"EntryPoint\",\"urlTemplate\":\"https:\/\/unicursos.com.br\/blog\/?s={search_term_string}\"},\"query-input\":\"required name=search_term_string\"}],\"inLanguage\":\"pt-BR\"},{\"@type\":\"ImageObject\",\"@id\":\"https:\/\/unicursos.com.br\/blog\/concurso-pf-pedido-de-area-administrativa-e-renovado\/#primaryimage\",\"inLanguage\":\"pt-BR\",\"url\":\"\",\"contentUrl\":\"\"},{\"@type\":\"WebPage\",\"@id\":\"https:\/\/unicursos.com.br\/blog\/concurso-pf-pedido-de-area-administrativa-e-renovado\/#webpage\",\"url\":\"https:\/\/unicursos.com.br\/blog\/concurso-pf-pedido-de-area-administrativa-e-renovado\/\",\"name\":\"Concurso PF: Pedido de \u00e1rea administrativa \u00e9 renovado! - Blog Unicursos\",\"isPartOf\":{\"@id\":\"https:\/\/unicursos.com.br\/blog\/#website\"},\"primaryImageOfPage\":{\"@id\":\"https:\/\/unicursos.com.br\/blog\/concurso-pf-pedido-de-area-administrativa-e-renovado\/#primaryimage\"},\"datePublished\":\"2021-05-12T15:15:24+00:00\",\"dateModified\":\"2021-05-12T15:15:24+00:00\",\"author\":{\"@id\":\"https:\/\/unicursos.com.br\/blog\/#\/schema\/person\/2d9cae597bea0cf40bcf2de84f8d5892\"},\"description\":\"O pedido para um novo Concurso PF na \u00e1rea administrativa foi renovado e est\u00e1 em an\u00e1lise no Minist\u00e9rio da Economia, leia mais:\",\"breadcrumb\":{\"@id\":\"https:\/\/unicursos.com.br\/blog\/concurso-pf-pedido-de-area-administrativa-e-renovado\/#breadcrumb\"},\"inLanguage\":\"pt-BR\",\"potentialAction\":[{\"@type\":\"ReadAction\",\"target\":[\"https:\/\/unicursos.com.br\/blog\/concurso-pf-pedido-de-area-administrativa-e-renovado\/\"]}]},{\"@type\":\"BreadcrumbList\",\"@id\":\"https:\/\/unicursos.com.br\/blog\/concurso-pf-pedido-de-area-administrativa-e-renovado\/#breadcrumb\",\"itemListElement\":[{\"@type\":\"ListItem\",\"position\":1,\"name\":\"In\u00edcio\",\"item\":\"https:\/\/unicursos.com.br\/blog\/\"},{\"@type\":\"ListItem\",\"position\":2,\"name\":\"Concurso PF: Pedido de \u00e1rea administrativa \u00e9 renovado!\"}]},{\"@type\":\"Person\",\"@id\":\"https:\/\/unicursos.com.br\/blog\/#\/schema\/person\/2d9cae597bea0cf40bcf2de84f8d5892\",\"name\":\"Denilson Costa\",\"image\":{\"@type\":\"ImageObject\",\"@id\":\"https:\/\/unicursos.com.br\/blog\/#personlogo\",\"inLanguage\":\"pt-BR\",\"url\":\"https:\/\/secure.gravatar.com\/avatar\/4bc9663f27d191c5e97441f19e974c22d0b998d2e2e54756e79e8411c39b8a14?s=96&d=mm&r=g\",\"contentUrl\":\"https:\/\/secure.gravatar.com\/avatar\/4bc9663f27d191c5e97441f19e974c22d0b998d2e2e54756e79e8411c39b8a14?s=96&d=mm&r=g\",\"caption\":\"Denilson Costa\"},\"url\":\"https:\/\/unicursos.com.br\/blog\/author\/denilson-costa\/\"}]}<\/script>\n<!-- \/ Yoast SEO plugin. -->","yoast_head_json":{"title":"Concurso PF: Pedido de \u00e1rea administrativa \u00e9 renovado! - Blog Unicursos","description":"O pedido para um novo Concurso PF na \u00e1rea administrativa foi renovado e est\u00e1 em an\u00e1lise no Minist\u00e9rio da Economia, leia mais:","robots":{"index":"index","follow":"follow","max-snippet":"max-snippet:-1","max-image-preview":"max-image-preview:large","max-video-preview":"max-video-preview:-1"},"canonical":"https:\/\/unicursos.com.br\/blog\/concurso-pf-pedido-de-area-administrativa-e-renovado\/","og_locale":"pt_BR","og_type":"article","og_title":"Concurso PF: Pedido de \u00e1rea administrativa \u00e9 renovado! - Blog Unicursos","og_description":"O pedido para um novo Concurso PF na \u00e1rea administrativa foi renovado e est\u00e1 em an\u00e1lise no Minist\u00e9rio da Economia, leia mais:","og_url":"https:\/\/unicursos.com.br\/blog\/concurso-pf-pedido-de-area-administrativa-e-renovado\/","og_site_name":"Blog Unicursos","article_published_time":"2021-05-12T15:15:24+00:00","twitter_card":"summary_large_image","twitter_misc":{"Escrito por":"Denilson Costa","Est. tempo de leitura":"3 minutos"},"schema":{"@context":"https:\/\/schema.org","@graph":[{"@type":"WebSite","@id":"https:\/\/unicursos.com.br\/blog\/#website","url":"https:\/\/unicursos.com.br\/blog\/","name":"Blog Unicursos","description":"S\u00f3 mais um site WordPress","potentialAction":[{"@type":"SearchAction","target":{"@type":"EntryPoint","urlTemplate":"https:\/\/unicursos.com.br\/blog\/?s={search_term_string}"},"query-input":"required name=search_term_string"}],"inLanguage":"pt-BR"},{"@type":"ImageObject","@id":"https:\/\/unicursos.com.br\/blog\/concurso-pf-pedido-de-area-administrativa-e-renovado\/#primaryimage","inLanguage":"pt-BR","url":"","contentUrl":""},{"@type":"WebPage","@id":"https:\/\/unicursos.com.br\/blog\/concurso-pf-pedido-de-area-administrativa-e-renovado\/#webpage","url":"https:\/\/unicursos.com.br\/blog\/concurso-pf-pedido-de-area-administrativa-e-renovado\/","name":"Concurso PF: Pedido de \u00e1rea administrativa \u00e9 renovado! - Blog Unicursos","isPartOf":{"@id":"https:\/\/unicursos.com.br\/blog\/#website"},"primaryImageOfPage":{"@id":"https:\/\/unicursos.com.br\/blog\/concurso-pf-pedido-de-area-administrativa-e-renovado\/#primaryimage"},"datePublished":"2021-05-12T15:15:24+00:00","dateModified":"2021-05-12T15:15:24+00:00","author":{"@id":"https:\/\/unicursos.com.br\/blog\/#\/schema\/person\/2d9cae597bea0cf40bcf2de84f8d5892"},"description":"O pedido para um novo Concurso PF na \u00e1rea administrativa foi renovado e est\u00e1 em an\u00e1lise no Minist\u00e9rio da Economia, leia mais:","breadcrumb":{"@id":"https:\/\/unicursos.com.br\/blog\/concurso-pf-pedido-de-area-administrativa-e-renovado\/#breadcrumb"},"inLanguage":"pt-BR","potentialAction":[{"@type":"ReadAction","target":["https:\/\/unicursos.com.br\/blog\/concurso-pf-pedido-de-area-administrativa-e-renovado\/"]}]},{"@type":"BreadcrumbList","@id":"https:\/\/unicursos.com.br\/blog\/concurso-pf-pedido-de-area-administrativa-e-renovado\/#breadcrumb","itemListElement":[{"@type":"ListItem","position":1,"name":"In\u00edcio","item":"https:\/\/unicursos.com.br\/blog\/"},{"@type":"ListItem","position":2,"name":"Concurso PF: Pedido de \u00e1rea administrativa \u00e9 renovado!"}]},{"@type":"Person","@id":"https:\/\/unicursos.com.br\/blog\/#\/schema\/person\/2d9cae597bea0cf40bcf2de84f8d5892","name":"Denilson Costa","image":{"@type":"ImageObject","@id":"https:\/\/unicursos.com.br\/blog\/#personlogo","inLanguage":"pt-BR","url":"https:\/\/secure.gravatar.com\/avatar\/4bc9663f27d191c5e97441f19e974c22d0b998d2e2e54756e79e8411c39b8a14?s=96&d=mm&r=g","contentUrl":"https:\/\/secure.gravatar.com\/avatar\/4bc9663f27d191c5e97441f19e974c22d0b998d2e2e54756e79e8411c39b8a14?s=96&d=mm&r=g","caption":"Denilson Costa"},"url":"https:\/\/unicursos.com.br\/blog\/author\/denilson-costa\/"}]}},"_links":{"self":[{"href":"https:\/\/unicursos.com.br\/blog\/wp-json\/wp\/v2\/posts\/6677","targetHints":{"allow":["GET"]}}],"collection":[{"href":"https:\/\/unicursos.com.br\/blog\/wp-json\/wp\/v2\/posts"}],"about":[{"href":"https:\/\/unicursos.com.br\/blog\/wp-json\/wp\/v2\/types\/post"}],"author":[{"embeddable":true,"href":"https:\/\/unicursos.com.br\/blog\/wp-json\/wp\/v2\/users\/26"}],"replies":[{"embeddable":true,"href":"https:\/\/unicursos.com.br\/blog\/wp-json\/wp\/v2\/comments?post=6677"}],"version-history":[{"count":0,"href":"https:\/\/unicursos.com.br\/blog\/wp-json\/wp\/v2\/posts\/6677\/revisions"}],"wp:featuredmedia":[{"embeddable":true,"href":"https:\/\/unicursos.com.br\/blog\/wp-json\/"}],"wp:attachment":[{"href":"https:\/\/unicursos.com.br\/blog\/wp-json\/wp\/v2\/media?parent=6677"}],"wp:term":[{"taxonomy":"category","embeddable":true,"href":"https:\/\/unicursos.com.br\/blog\/wp-json\/wp\/v2\/categories?post=6677"},{"taxonomy":"post_tag","embeddable":true,"href":"https:\/\/unicursos.com.br\/blog\/wp-json\/wp\/v2\/tags?post=6677"}],"curies":[{"name":"wp","href":"https:\/\/api.w.org\/{rel}","templated":true}]}}