{"id":8042,"date":"2022-03-18T16:41:59","date_gmt":"2022-03-18T19:41:59","guid":{"rendered":"https:\/\/unicursos.com.br\/blog\/?p=8042"},"modified":"2022-09-22T10:13:27","modified_gmt":"2022-09-22T13:13:27","slug":"urbam-abre-concurso-para-auxiliar-de-servicos-gerais-em-sao-jose","status":"publish","type":"post","link":"https:\/\/unicursos.com.br\/blog\/urbam-abre-concurso-para-auxiliar-de-servicos-gerais-em-sao-jose\/","title":{"rendered":"Urbam abre concurso para auxiliar de servi\u00e7os gerais em S\u00e3o Jos\u00e9"},"content":{"rendered":"<h2>A Urbam (Urbanizadora Municipal) de S\u00e3o Jos\u00e9 dos Campos abre no dia 28 de mar\u00e7o as inscri\u00e7\u00f5es para o concurso p\u00fablico de auxiliar de servi\u00e7os gerais, saiba mais:<\/h2>\n<p><span style=\"font-weight: 400;\">Quem se interessar pelo cargo deve se inscrever at\u00e9 o dia 1\u00ba de abril no<a href=\"https:\/\/www.urbam.com.br\/\"> site da Urbam<\/a>, s<\/span><span style=\"font-weight: 400;\">\u00e3o <strong>8 vagas imediatas<\/strong> al\u00e9m do cadastro reserva. <strong>O sal\u00e1rio mensal \u00e9 de R$ 1.326,76<\/strong> para carga hor\u00e1ria de <strong>40 horas semanais.<\/strong> \u00a0<\/span><span style=\"font-weight: 400;\">A taxa de inscri\u00e7\u00e3o \u00e9 de R$ 10 atrav\u00e9s de boleto banc\u00e1rio com vencimento no dia 4 de abril. <\/span><\/p>\n<p><span style=\"font-weight: 400;\">O edital ser\u00e1 publicado no site a partir do in\u00edcio das inscri\u00e7\u00f5es.\u00a0<\/span><\/p>\n<p><span style=\"font-weight: 400;\">Os aprovados ir\u00e3o desempenhas v\u00e1rias atividades realizadas pela empresa como limpeza urbana, apoio a manuten\u00e7\u00e3o da cidade, obras de infraestrutura e superestrutura vi\u00e1ria, cemit\u00e9rios e outros sevicies de apoio ao munic\u00edpio.\u00a0<\/span><\/p>\n<p><span style=\"font-weight: 400;\">As informa\u00e7\u00f5es sobre as avalia\u00e7\u00f5es como data, local e hor\u00e1rio, ser\u00e3o divulgados no dia 13 de maio no site da Urbam.\u00a0<\/span><\/p>\n<h2><strong>Requisitos:<\/strong><\/h2>\n<p>&nbsp;<\/p>\n<ul>\n<li><span style=\"font-weight: 400;\">Ser brasileiro ou naturalizado, ou gozar das prerrogativas do Decreto Federal 70.436 de 18 de abril de 1972;<\/span><\/li>\n<li><span style=\"font-weight: 400;\">Ser eleitor e estar quite com as obriga\u00e7\u00f5es eleitorais;<\/span><\/li>\n<li>Se do sexo masculino estar em dia com as obriga\u00e7\u00f5es militares<\/li>\n<li>Ter idade m\u00ednima de 18 anos<\/li>\n<li>N\u00e3o ter sido funcion\u00e1rio demitido por justa causa por esta empresa.<\/li>\n<\/ul>\n<p><span style=\"font-weight: 400;\">O candidato que n\u00e3o tiver acesso a internet poder\u00e1 efetivar sua inscri\u00e7\u00e3o por meio dos espa\u00e7os p\u00fablicos:\u00a0<\/span><\/p>\n<ul>\n<li><span style=\"font-weight: 400;\"><strong>Centro<\/strong>: Rua Rubi\u00e3o J\u00fanior, 84, piso 2, sala 54,<\/span><\/li>\n<li><strong>Leste:<\/strong> Avenida Carlos Alberto Andrade e Silva, 475, Parque Nova Esperan\u00e7a e Rua Juvenal dos Santos, 15, Galo Branco, Eug\u00eanio de Melo<\/li>\n<li><strong>Norte:<\/strong> Rua Alziro Lebr\u00e3o, Alto da Ponte e Pra\u00e7a C\u00f4nego Manzi, 140, S\u00e3o Francisco Xavier<\/li>\n<li><strong> Oeste:<\/strong> Rua Henrique Jorge Guedes, 57, Jardim das Ind\u00fastrias<\/li>\n<li><strong>Sul<\/strong>: Avenida Ouro Fino, 2520, Bosque dos Eucaliptos, Rua Gaud\u00eancio Martins Neto 281 e Rua Ana Benedicta Dias Pedrosa, 188, Interlagos<\/li>\n<\/ul>\n<p>Conhe\u00e7a nosso preparat\u00f3rio, entre em <strong><a href=\"https:\/\/unicursos.com.br\/contato\/\">contato com nossas consultoras:\u00a0<\/a><\/strong><\/p>\n<p><a href=\"https:\/\/api.whatsapp.com\/send?phone=5512996504674\"><strong>(12) 99650-4674<\/strong><\/a><\/p>\n<p><strong>3909-5800<\/strong><\/p>\n<p><span style=\"font-size: 14pt;\"><strong>Fonte:\u00a0<\/strong><\/span><\/p>\n<p>O VALE<\/p>\n<!-- AddThis Advanced Settings generic via filter on the_content --><!-- AddThis Share Buttons generic via filter on the_content -->","protected":false},"excerpt":{"rendered":"<p>Confira a lista de concursos que foram afetados no Brasil.<!-- AddThis Advanced Settings generic via filter on get_the_excerpt --><!-- AddThis Share Buttons generic via filter on get_the_excerpt --><\/p>\n","protected":false},"author":40,"featured_media":8045,"comment_status":"closed","ping_status":"closed","sticky":false,"template":"","format":"standard","meta":{"site-sidebar-layout":"default","site-content-layout":"default","ast-main-header-display":"","ast-hfb-above-header-display":"","ast-hfb-below-header-display":"","ast-hfb-mobile-header-display":"","site-post-title":"","ast-breadcrumbs-content":"","ast-featured-img":"","footer-sml-layout":"","theme-transparent-header-meta":"","adv-header-id-meta":"","stick-header-meta":"","header-above-stick-meta":"","header-main-stick-meta":"","header-below-stick-meta":"","footnotes":""},"categories":[2],"tags":[54,141,180,347,388,389],"class_list":["post-8042","post","type-post","status-publish","format-standard","has-post-thumbnail","hentry","category-concursos","tag-concurso","tag-concurso-publico","tag-concurso-urbam","tag-sao-jose-dos-campos","tag-unicursos","tag-unicursos-na-midia"],"yoast_head":"<!-- This site is optimized with the Yoast SEO plugin v18.1 - https:\/\/yoast.com\/wordpress\/plugins\/seo\/ -->\n<title>Urbam abre concurso para auxiliar de servi\u00e7os gerais em S\u00e3o Jos\u00e9<\/title>\n<meta name=\"description\" content=\"A Urbam (Urbanizadora Municipal) de S\u00e3o Jos\u00e9 dos Campos abriu concurso para auxiliar de servi\u00e7os gerais! As inscri\u00e7\u00f5es abrem dia 28 de mar\u00e7o!\" \/>\n<meta name=\"robots\" content=\"index, follow, max-snippet:-1, max-image-preview:large, max-video-preview:-1\" \/>\n<link rel=\"canonical\" href=\"https:\/\/unicursos.com.br\/blog\/urbam-abre-concurso-para-auxiliar-de-servicos-gerais-em-sao-jose\/\" \/>\n<meta property=\"og:locale\" content=\"pt_BR\" \/>\n<meta property=\"og:type\" content=\"article\" \/>\n<meta property=\"og:title\" content=\"Urbam abre concurso para auxiliar de servi\u00e7os gerais em S\u00e3o Jos\u00e9\" \/>\n<meta property=\"og:description\" content=\"A Urbam (Urbanizadora Municipal) de S\u00e3o Jos\u00e9 dos Campos abriu concurso para auxiliar de servi\u00e7os gerais! As inscri\u00e7\u00f5es abrem dia 28 de mar\u00e7o!\" \/>\n<meta property=\"og:url\" content=\"https:\/\/unicursos.com.br\/blog\/urbam-abre-concurso-para-auxiliar-de-servicos-gerais-em-sao-jose\/\" \/>\n<meta property=\"og:site_name\" content=\"Blog Unicursos\" \/>\n<meta property=\"article:published_time\" content=\"2022-03-18T19:41:59+00:00\" \/>\n<meta property=\"article:modified_time\" content=\"2022-09-22T13:13:27+00:00\" \/>\n<meta property=\"og:image\" content=\"https:\/\/unicursos.com.br\/blog\/wp-content\/uploads\/2022\/03\/concurso-pc-6.png\" \/>\n\t<meta property=\"og:image:width\" content=\"1110\" \/>\n\t<meta property=\"og:image:height\" content=\"550\" \/>\n\t<meta property=\"og:image:type\" content=\"image\/png\" \/>\n<meta name=\"twitter:card\" content=\"summary_large_image\" \/>\n<meta name=\"twitter:label1\" content=\"Escrito por\" \/>\n\t<meta name=\"twitter:data1\" content=\"Giovanna Panziera\" \/>\n\t<meta name=\"twitter:label2\" content=\"Est. tempo de leitura\" \/>\n\t<meta name=\"twitter:data2\" content=\"2 minutos\" \/>\n<script type=\"application\/ld+json\" class=\"yoast-schema-graph\">{\"@context\":\"https:\/\/schema.org\",\"@graph\":[{\"@type\":\"WebSite\",\"@id\":\"https:\/\/unicursos.com.br\/blog\/#website\",\"url\":\"https:\/\/unicursos.com.br\/blog\/\",\"name\":\"Blog Unicursos\",\"description\":\"S\u00f3 mais um site WordPress\",\"potentialAction\":[{\"@type\":\"SearchAction\",\"target\":{\"@type\":\"EntryPoint\",\"urlTemplate\":\"https:\/\/unicursos.com.br\/blog\/?s={search_term_string}\"},\"query-input\":\"required name=search_term_string\"}],\"inLanguage\":\"pt-BR\"},{\"@type\":\"ImageObject\",\"@id\":\"https:\/\/unicursos.com.br\/blog\/urbam-abre-concurso-para-auxiliar-de-servicos-gerais-em-sao-jose\/#primaryimage\",\"inLanguage\":\"pt-BR\",\"url\":\"https:\/\/unicursos.com.br\/blog\/wp-content\/uploads\/2022\/03\/concurso-pc-6.png\",\"contentUrl\":\"https:\/\/unicursos.com.br\/blog\/wp-content\/uploads\/2022\/03\/concurso-pc-6.png\",\"width\":1110,\"height\":550},{\"@type\":\"WebPage\",\"@id\":\"https:\/\/unicursos.com.br\/blog\/urbam-abre-concurso-para-auxiliar-de-servicos-gerais-em-sao-jose\/#webpage\",\"url\":\"https:\/\/unicursos.com.br\/blog\/urbam-abre-concurso-para-auxiliar-de-servicos-gerais-em-sao-jose\/\",\"name\":\"Urbam abre concurso para auxiliar de servi\u00e7os gerais em S\u00e3o Jos\u00e9\",\"isPartOf\":{\"@id\":\"https:\/\/unicursos.com.br\/blog\/#website\"},\"primaryImageOfPage\":{\"@id\":\"https:\/\/unicursos.com.br\/blog\/urbam-abre-concurso-para-auxiliar-de-servicos-gerais-em-sao-jose\/#primaryimage\"},\"datePublished\":\"2022-03-18T19:41:59+00:00\",\"dateModified\":\"2022-09-22T13:13:27+00:00\",\"author\":{\"@id\":\"https:\/\/unicursos.com.br\/blog\/#\/schema\/person\/6ba7607de60d4c6ed771490b3156da64\"},\"description\":\"A Urbam (Urbanizadora Municipal) de S\u00e3o Jos\u00e9 dos Campos abriu concurso para auxiliar de servi\u00e7os gerais! As inscri\u00e7\u00f5es abrem dia 28 de mar\u00e7o!\",\"breadcrumb\":{\"@id\":\"https:\/\/unicursos.com.br\/blog\/urbam-abre-concurso-para-auxiliar-de-servicos-gerais-em-sao-jose\/#breadcrumb\"},\"inLanguage\":\"pt-BR\",\"potentialAction\":[{\"@type\":\"ReadAction\",\"target\":[\"https:\/\/unicursos.com.br\/blog\/urbam-abre-concurso-para-auxiliar-de-servicos-gerais-em-sao-jose\/\"]}]},{\"@type\":\"BreadcrumbList\",\"@id\":\"https:\/\/unicursos.com.br\/blog\/urbam-abre-concurso-para-auxiliar-de-servicos-gerais-em-sao-jose\/#breadcrumb\",\"itemListElement\":[{\"@type\":\"ListItem\",\"position\":1,\"name\":\"In\u00edcio\",\"item\":\"https:\/\/unicursos.com.br\/blog\/\"},{\"@type\":\"ListItem\",\"position\":2,\"name\":\"Urbam abre concurso para auxiliar de servi\u00e7os gerais em S\u00e3o Jos\u00e9\"}]},{\"@type\":\"Person\",\"@id\":\"https:\/\/unicursos.com.br\/blog\/#\/schema\/person\/6ba7607de60d4c6ed771490b3156da64\",\"name\":\"Giovanna Panziera\",\"image\":{\"@type\":\"ImageObject\",\"@id\":\"https:\/\/unicursos.com.br\/blog\/#personlogo\",\"inLanguage\":\"pt-BR\",\"url\":\"https:\/\/secure.gravatar.com\/avatar\/5cb6f531d43bfe59b03c9f038aed276c40ad920ccea77cba97512e9c2086af14?s=96&d=mm&r=g\",\"contentUrl\":\"https:\/\/secure.gravatar.com\/avatar\/5cb6f531d43bfe59b03c9f038aed276c40ad920ccea77cba97512e9c2086af14?s=96&d=mm&r=g\",\"caption\":\"Giovanna Panziera\"},\"url\":\"https:\/\/unicursos.com.br\/blog\/author\/giovanna-panziera\/\"}]}<\/script>\n<!-- \/ Yoast SEO plugin. -->","yoast_head_json":{"title":"Urbam abre concurso para auxiliar de servi\u00e7os gerais em S\u00e3o Jos\u00e9","description":"A Urbam (Urbanizadora Municipal) de S\u00e3o Jos\u00e9 dos Campos abriu concurso para auxiliar de servi\u00e7os gerais! As inscri\u00e7\u00f5es abrem dia 28 de mar\u00e7o!","robots":{"index":"index","follow":"follow","max-snippet":"max-snippet:-1","max-image-preview":"max-image-preview:large","max-video-preview":"max-video-preview:-1"},"canonical":"https:\/\/unicursos.com.br\/blog\/urbam-abre-concurso-para-auxiliar-de-servicos-gerais-em-sao-jose\/","og_locale":"pt_BR","og_type":"article","og_title":"Urbam abre concurso para auxiliar de servi\u00e7os gerais em S\u00e3o Jos\u00e9","og_description":"A Urbam (Urbanizadora Municipal) de S\u00e3o Jos\u00e9 dos Campos abriu concurso para auxiliar de servi\u00e7os gerais! As inscri\u00e7\u00f5es abrem dia 28 de mar\u00e7o!","og_url":"https:\/\/unicursos.com.br\/blog\/urbam-abre-concurso-para-auxiliar-de-servicos-gerais-em-sao-jose\/","og_site_name":"Blog Unicursos","article_published_time":"2022-03-18T19:41:59+00:00","article_modified_time":"2022-09-22T13:13:27+00:00","og_image":[{"width":1110,"height":550,"url":"https:\/\/unicursos.com.br\/blog\/wp-content\/uploads\/2022\/03\/concurso-pc-6.png","type":"image\/png"}],"twitter_card":"summary_large_image","twitter_misc":{"Escrito por":"Giovanna Panziera","Est. tempo de leitura":"2 minutos"},"schema":{"@context":"https:\/\/schema.org","@graph":[{"@type":"WebSite","@id":"https:\/\/unicursos.com.br\/blog\/#website","url":"https:\/\/unicursos.com.br\/blog\/","name":"Blog Unicursos","description":"S\u00f3 mais um site WordPress","potentialAction":[{"@type":"SearchAction","target":{"@type":"EntryPoint","urlTemplate":"https:\/\/unicursos.com.br\/blog\/?s={search_term_string}"},"query-input":"required name=search_term_string"}],"inLanguage":"pt-BR"},{"@type":"ImageObject","@id":"https:\/\/unicursos.com.br\/blog\/urbam-abre-concurso-para-auxiliar-de-servicos-gerais-em-sao-jose\/#primaryimage","inLanguage":"pt-BR","url":"https:\/\/unicursos.com.br\/blog\/wp-content\/uploads\/2022\/03\/concurso-pc-6.png","contentUrl":"https:\/\/unicursos.com.br\/blog\/wp-content\/uploads\/2022\/03\/concurso-pc-6.png","width":1110,"height":550},{"@type":"WebPage","@id":"https:\/\/unicursos.com.br\/blog\/urbam-abre-concurso-para-auxiliar-de-servicos-gerais-em-sao-jose\/#webpage","url":"https:\/\/unicursos.com.br\/blog\/urbam-abre-concurso-para-auxiliar-de-servicos-gerais-em-sao-jose\/","name":"Urbam abre concurso para auxiliar de servi\u00e7os gerais em S\u00e3o Jos\u00e9","isPartOf":{"@id":"https:\/\/unicursos.com.br\/blog\/#website"},"primaryImageOfPage":{"@id":"https:\/\/unicursos.com.br\/blog\/urbam-abre-concurso-para-auxiliar-de-servicos-gerais-em-sao-jose\/#primaryimage"},"datePublished":"2022-03-18T19:41:59+00:00","dateModified":"2022-09-22T13:13:27+00:00","author":{"@id":"https:\/\/unicursos.com.br\/blog\/#\/schema\/person\/6ba7607de60d4c6ed771490b3156da64"},"description":"A Urbam (Urbanizadora Municipal) de S\u00e3o Jos\u00e9 dos Campos abriu concurso para auxiliar de servi\u00e7os gerais! As inscri\u00e7\u00f5es abrem dia 28 de mar\u00e7o!","breadcrumb":{"@id":"https:\/\/unicursos.com.br\/blog\/urbam-abre-concurso-para-auxiliar-de-servicos-gerais-em-sao-jose\/#breadcrumb"},"inLanguage":"pt-BR","potentialAction":[{"@type":"ReadAction","target":["https:\/\/unicursos.com.br\/blog\/urbam-abre-concurso-para-auxiliar-de-servicos-gerais-em-sao-jose\/"]}]},{"@type":"BreadcrumbList","@id":"https:\/\/unicursos.com.br\/blog\/urbam-abre-concurso-para-auxiliar-de-servicos-gerais-em-sao-jose\/#breadcrumb","itemListElement":[{"@type":"ListItem","position":1,"name":"In\u00edcio","item":"https:\/\/unicursos.com.br\/blog\/"},{"@type":"ListItem","position":2,"name":"Urbam abre concurso para auxiliar de servi\u00e7os gerais em S\u00e3o Jos\u00e9"}]},{"@type":"Person","@id":"https:\/\/unicursos.com.br\/blog\/#\/schema\/person\/6ba7607de60d4c6ed771490b3156da64","name":"Giovanna Panziera","image":{"@type":"ImageObject","@id":"https:\/\/unicursos.com.br\/blog\/#personlogo","inLanguage":"pt-BR","url":"https:\/\/secure.gravatar.com\/avatar\/5cb6f531d43bfe59b03c9f038aed276c40ad920ccea77cba97512e9c2086af14?s=96&d=mm&r=g","contentUrl":"https:\/\/secure.gravatar.com\/avatar\/5cb6f531d43bfe59b03c9f038aed276c40ad920ccea77cba97512e9c2086af14?s=96&d=mm&r=g","caption":"Giovanna Panziera"},"url":"https:\/\/unicursos.com.br\/blog\/author\/giovanna-panziera\/"}]}},"_links":{"self":[{"href":"https:\/\/unicursos.com.br\/blog\/wp-json\/wp\/v2\/posts\/8042","targetHints":{"allow":["GET"]}}],"collection":[{"href":"https:\/\/unicursos.com.br\/blog\/wp-json\/wp\/v2\/posts"}],"about":[{"href":"https:\/\/unicursos.com.br\/blog\/wp-json\/wp\/v2\/types\/post"}],"author":[{"embeddable":true,"href":"https:\/\/unicursos.com.br\/blog\/wp-json\/wp\/v2\/users\/40"}],"replies":[{"embeddable":true,"href":"https:\/\/unicursos.com.br\/blog\/wp-json\/wp\/v2\/comments?post=8042"}],"version-history":[{"count":3,"href":"https:\/\/unicursos.com.br\/blog\/wp-json\/wp\/v2\/posts\/8042\/revisions"}],"predecessor-version":[{"id":8046,"href":"https:\/\/unicursos.com.br\/blog\/wp-json\/wp\/v2\/posts\/8042\/revisions\/8046"}],"wp:featuredmedia":[{"embeddable":true,"href":"https:\/\/unicursos.com.br\/blog\/wp-json\/wp\/v2\/media\/8045"}],"wp:attachment":[{"href":"https:\/\/unicursos.com.br\/blog\/wp-json\/wp\/v2\/media?parent=8042"}],"wp:term":[{"taxonomy":"category","embeddable":true,"href":"https:\/\/unicursos.com.br\/blog\/wp-json\/wp\/v2\/categories?post=8042"},{"taxonomy":"post_tag","embeddable":true,"href":"https:\/\/unicursos.com.br\/blog\/wp-json\/wp\/v2\/tags?post=8042"}],"curies":[{"name":"wp","href":"https:\/\/api.w.org\/{rel}","templated":true}]}}