{"id":8195,"date":"2022-06-23T17:39:07","date_gmt":"2022-06-23T20:39:07","guid":{"rendered":"https:\/\/unicursos.com.br\/blog\/?p=8195"},"modified":"2022-09-22T10:29:15","modified_gmt":"2022-09-22T13:29:15","slug":"concurso-inss-2022-solicitado-mudanca-na-escolaridade","status":"publish","type":"post","link":"https:\/\/unicursos.com.br\/blog\/concurso-inss-2022-solicitado-mudanca-na-escolaridade\/","title":{"rendered":"Concurso INSS 2022: Solicitado mudan\u00e7a na escolaridade"},"content":{"rendered":"\t\t<div data-elementor-type=\"wp-post\" data-elementor-id=\"8195\" class=\"elementor elementor-8195\" data-elementor-settings=\"[]\">\n\t\t\t\t\t\t\t<div class=\"elementor-section-wrap\">\n\t\t\t\t\t\t\t<section class=\"elementor-section elementor-top-section elementor-element elementor-element-4b3ca54d elementor-section-boxed elementor-section-height-default elementor-section-height-default\" data-id=\"4b3ca54d\" data-element_type=\"section\">\n\t\t\t\t\t\t<div class=\"elementor-container elementor-column-gap-default\">\n\t\t\t\t\t<div class=\"elementor-column elementor-col-100 elementor-top-column elementor-element elementor-element-1895c2e0\" data-id=\"1895c2e0\" data-element_type=\"column\">\n\t\t\t<div class=\"elementor-widget-wrap elementor-element-populated\">\n\t\t\t\t\t\t\t\t<div class=\"elementor-element elementor-element-5e032617 elementor-widget elementor-widget-text-editor\" data-id=\"5e032617\" data-element_type=\"widget\" data-widget_type=\"text-editor.default\">\n\t\t\t\t<div class=\"elementor-widget-container\">\n\t\t\t<style>\/*! elementor - v3.5.5 - 03-02-2022 *\/\n.elementor-widget-text-editor.elementor-drop-cap-view-stacked .elementor-drop-cap{background-color:#818a91;color:#fff}.elementor-widget-text-editor.elementor-drop-cap-view-framed .elementor-drop-cap{color:#818a91;border:3px solid;background-color:transparent}.elementor-widget-text-editor:not(.elementor-drop-cap-view-default) .elementor-drop-cap{margin-top:8px}.elementor-widget-text-editor:not(.elementor-drop-cap-view-default) .elementor-drop-cap-letter{width:1em;height:1em}.elementor-widget-text-editor .elementor-drop-cap{float:left;text-align:center;line-height:1;font-size:50px}.elementor-widget-text-editor .elementor-drop-cap-letter{display:inline-block}<\/style>\t\t\t\t<p><span style=\"font-size: 24px;\"><b>A expectativa pelo concurso do INSS \u00e9 grande, a publica\u00e7\u00e3o do edital para 1.000 vagas do cargo T\u00e9cnico do Seguro Social j\u00e1 foi autorizada e agora \u00e9 apenas aguardar, por\u00e9m uma quest\u00e3o que ronda os que est\u00e3o na espera \u00e9 com rela\u00e7\u00e3o a mudan\u00e7a de escolaridade do cargo que \u00e9 de n\u00edvel m\u00e9dio e tem sido considerado a mudan\u00e7a para n\u00edvel superior.\u00a0<\/b><\/span><\/p><p><span style=\"font-weight: 400;\">Ap\u00f3s a autoriza\u00e7\u00e3o do pr\u00f3ximo concurso do INSS o presidente da autarquia Guilherme Serrano solicitou que fosse exigido o n\u00edvel superior de escolaridade dos candidatos do cargo de T\u00e9cnico do Seguro Social.\u00a0<\/span><\/p><p><span style=\"font-weight: 400;\">A defesa do presidente para haver estas mudan\u00e7as \u00e9 de que as atribui\u00e7\u00f5es dos servidores s\u00e3o de <strong>alto n\u00edvel de responsabilidade,<\/strong> requerendo um &#8220;conhecimento especializado de um conjunto complexo de normativos considerando que a cada altera\u00e7\u00e3o das regras previdenci\u00e1rias, as regras alteradas s\u00e3o mantidas no cabedal jur\u00eddico acrescido o novel&#8221;.\u00a0<\/span><\/p><p><span style=\"font-weight: 400;\">As mudan\u00e7as n\u00e3o est\u00e3o confirmadas para o pr\u00f3ximo certame do \u00f3rg\u00e3o, ali\u00e1s <strong>qualquer tipo de restri\u00e7\u00e3o para acessar cargos p\u00fablicos precisa de lei,<\/strong> conforme o artigo 37 \u00a7 I da Constitui\u00e7\u00e3o Federal que afirma:\u00a0<\/span><\/p><p><span style=\"font-weight: 400;\">&#8220;Os cargos, empregos e fun\u00e7\u00f5es p\u00fablicas s\u00e3o acess\u00edveis aos brasileiros que preencham os requisitos estabelecidos em lei, assim como os estrangeiros, na forma da lei.&#8221;<\/span><\/p><p><span style=\"font-weight: 400;\">\u00a0<\/span><span style=\"font-weight: 400;\">A respeito do n\u00edvel de escolaridade que ser\u00e1 exigido no pr\u00f3ximo edital, na quarta-feira dia 22 de junho, os servidores do INSS receberam um email da autarquia que tinha como objetivo fazer um levantamento para verificar o n\u00edvel de forma\u00e7\u00e3o do quadro de servidores.\u00a0<\/span><\/p><p><span style=\"font-weight: 400;\">A mensagem dizia: &#8220;Considerando o pleito junto ao Governo Federal para transformar a Carreira do Seguro Social em Carreira T\u00edpica de estado, estamos realizando um levantamento junto aos servidores para verificar o n\u00edvel de forma\u00e7\u00e3o (&#8230;)&#8221;.\u00a0<\/span><\/p><p><span style=\"font-weight: 400;\">Ou seja, a mensagem informa que as respostas da pesquisa ir\u00e3o <strong>subsidiar a constru\u00e7\u00e3o de um edital de bolsas de estudo de gradua\u00e7\u00e3o<\/strong>, que poder\u00e3o ser ofertadas mediante a estrutura\u00e7\u00e3o de uma pol\u00edtica adequada, prevista para acontecer no segundo semestre de 2022.<\/span><\/p>\t\t\t\t\t\t<\/div>\n\t\t\t\t<\/div>\n\t\t\t\t<div class=\"elementor-element elementor-element-a9df45f elementor-widget elementor-widget-image\" data-id=\"a9df45f\" data-element_type=\"widget\" data-widget_type=\"image.default\">\n\t\t\t\t<div class=\"elementor-widget-container\">\n\t\t\t<style>\/*! elementor - v3.5.5 - 03-02-2022 *\/\n.elementor-widget-image{text-align:center}.elementor-widget-image a{display:inline-block}.elementor-widget-image a img[src$=\".svg\"]{width:48px}.elementor-widget-image img{vertical-align:middle;display:inline-block}<\/style>\t\t\t\t\t\t\t\t\t\t\t\t<img loading=\"lazy\" decoding=\"async\" width=\"1024\" height=\"1022\" src=\"https:\/\/unicursos.com.br\/blog\/wp-content\/uploads\/2022\/06\/email-inss--1024x1022.jpeg\" class=\"attachment-large size-large\" alt=\"\" srcset=\"https:\/\/unicursos.com.br\/blog\/wp-content\/uploads\/2022\/06\/email-inss--1024x1022.jpeg 1024w, https:\/\/unicursos.com.br\/blog\/wp-content\/uploads\/2022\/06\/email-inss--300x300.jpeg 300w, https:\/\/unicursos.com.br\/blog\/wp-content\/uploads\/2022\/06\/email-inss--150x150.jpeg 150w, https:\/\/unicursos.com.br\/blog\/wp-content\/uploads\/2022\/06\/email-inss--768x767.jpeg 768w, https:\/\/unicursos.com.br\/blog\/wp-content\/uploads\/2022\/06\/email-inss-.jpeg 1080w\" sizes=\"auto, (max-width: 1024px) 100vw, 1024px\" \/>\t\t\t\t\t\t\t\t\t\t\t\t\t\t\t<\/div>\n\t\t\t\t<\/div>\n\t\t\t\t<div class=\"elementor-element elementor-element-8da3470 elementor-widget elementor-widget-text-editor\" data-id=\"8da3470\" data-element_type=\"widget\" data-widget_type=\"text-editor.default\">\n\t\t\t\t<div class=\"elementor-widget-container\">\n\t\t\t\t\t\t\t<h3><strong>Remunera\u00e7\u00e3o Concurso INSS&nbsp;<\/strong><\/h3><p>Com rela\u00e7\u00e3o aos sal\u00e1rios oferecidos a quem deseja se candidatar ao cargo de T\u00e9cnico de Seguro Social, a remunera\u00e7\u00e3o \u00e9 de <strong>R$ 5.447,79.&nbsp;<\/strong><\/p><p>J\u00e1 <strong>no final da carreira<\/strong> o servidor do cargo de T\u00e9cnico do Seguro Social far\u00e1 jus ao sal\u00e1rio de<strong> R$ 9.099,25<\/strong> (R$ 1.102,09 de Vencimento B\u00e1sico + R$ 1.763,23 de Gratifica\u00e7\u00e3o de Atividade Executiva e R$ 6.234,00 de Gratifica\u00e7\u00e3o de Desempenho de Atividade do Seguro Social).<\/p><p>Al\u00e9m disso, o servidor ainda faz jus a um b\u00f4nus por processo finalizado no valor de R$ 57,50.<\/p><p><strong>Concurso INSS Autorizado! Edital em breve<\/strong><\/p><p>O documento que declara finalmente a autoriza\u00e7\u00e3o do novo concurso INSS foi publicado no di\u00e1rio oficial da Uni\u00e3o. A oferta \u00e9 de 1.000 vagas para o cargo de t\u00e9cnico e &nbsp;foi assinado pelo secret\u00e1rio especial de desburocratiza\u00e7\u00e3o, gest\u00e3o e governo digital do Minist\u00e9rio da Economia, Caio Mario Paes de Andrade, <strong>o prazo para a publica\u00e7\u00e3o do edital de abertura de inscri\u00e7\u00f5es ser\u00e1 de seis meses, ou seja, at\u00e9 o dia 13 de dezembro.&nbsp;<\/strong><\/p><p>A oferta de vagas \u00e9 a mesma anunciada em maio deste ano, na ocasi\u00e3o a Diretoria de Gest\u00e3o de Pessoas do INSS exp\u00f5e que, diante do cen\u00e1rio restritivo de conten\u00e7\u00e3o de despesas p\u00fablicas e da necessidade de recomposi\u00e7\u00e3o da for\u00e7a de trabalho do instituto, a proposta visava alterar o quantitativos de vagas.&nbsp;<\/p><p>Como voc\u00ea j\u00e1 deve estar acompanhando <strong>a solicita\u00e7\u00e3o, passou de 6.004 para as mil atuais vagas<\/strong> de t\u00e9cnico do seguro social. Al\u00e9m disso, as demais oportunidades para analista do seguro social, de n\u00edvel superior, foram transferidas para um pr\u00f3ximo aval, a ser analisado no Projeto de Lei Or\u00e7ament\u00e1ria Anual (PLOA) de 2023.&nbsp;<\/p><p>Para concorrer ao cargo o candidato precisa apenas do diploma de <strong>n\u00edvel m\u00e9dio completo<\/strong>, a remunera\u00e7\u00e3o<strong> inicial \u00e9 de R$ 5.447,78<\/strong> j\u00e1 considerando o aux\u00edlio-alimenta\u00e7\u00e3o de R$ 458.&nbsp;<\/p><p>Agora que a autoriza\u00e7\u00e3o j\u00e1 foi publicada os pr\u00f3ximos passos s\u00e3o constituir a comiss\u00e3o organizadora e dar in\u00edcio ao processo de escolha da banca respons\u00e1vel pela aplica\u00e7\u00e3o das provas. Ap\u00f3s a assinatura do contrato com a empresa a data do in\u00edcio do certame poder\u00e1 ser definida.&nbsp;<\/p><h3><strong>Atribui\u00e7\u00f5es do cargo T\u00e9cnico do Seguro Social<\/strong><\/h3><p>De acordo com o edital do \u00faltimo concurso INSS, o t\u00e9cnico do seguro social \u00e9 respons\u00e1vel por proceder ao reconhecimento inicial, manuten\u00e7\u00e3o, recurso e revis\u00e3o de direitos aos benef\u00edcios administrados; exercer atividades internas e externas ligadas ao suporte e apoio t\u00e9cnico especializado; executar as atividades de orienta\u00e7\u00e3o e informa\u00e7\u00e3o, de acordo com as diretrizes estabelecidas nos atos espec\u00edficos e outras relacionadas aos fins institucionais, que venham ser determinadas pela autoridade superior.&nbsp;<\/p><h3><strong>Como foi o \u00faltimo concurso INSS<\/strong><\/h3><p>\u00c9 importante para quem se interessou pelo certame e deseja iniciar sua prepara\u00e7\u00e3o olhar para o \u00faltimo edital como base do que pode ser o pr\u00f3ximo concurso.&nbsp;<\/p><p>O \u00faltimo concurso aconteceu em 2015, foram 950 vagas ofertadas sendo que 800 eram para t\u00e9cnico e 150 para analista &#8211; servi\u00e7o social. A banca foi a Cespe\/UnB e os participantes passaram por uma prova com quest\u00f5es no estilo certo ou errado.&nbsp;<\/p><p>Os candidatos ao cargo de t\u00e9cnico foram submetidos a uma prova objetiva contendo 120 quest\u00f5es sobre:&nbsp;<\/p><ul><li style=\"font-weight: 400;\" aria-level=\"1\">\u00c9tica no Servi\u00e7o P\u00fablico;<\/li><li style=\"font-weight: 400;\" aria-level=\"1\">Regime Jur\u00eddico \u00danico;<\/li><li style=\"font-weight: 400;\" aria-level=\"1\">No\u00e7\u00f5es de Direito Constitucional;<\/li><li style=\"font-weight: 400;\" aria-level=\"1\">No\u00e7\u00f5es de Direito Administrativo;<\/li><li style=\"font-weight: 400;\" aria-level=\"1\">L\u00edngua Portuguesa;<\/li><li style=\"font-weight: 400;\" aria-level=\"1\">Racioc\u00ednio L\u00f3gico;<\/li><li style=\"font-weight: 400;\" aria-level=\"1\">No\u00e7\u00f5es de Inform\u00e1tica; e<\/li><li style=\"font-weight: 400;\" aria-level=\"1\">Conhecimentos Espec\u00edficos.&nbsp;<\/li><\/ul><p>J\u00e1 os analistas tiveram disciplinas de Portugu\u00eas, Racioc\u00ednio L\u00f3gico, No\u00e7\u00f5es de Inform\u00e1tica, Direito Constitucional, Direito Administrativo, Legisla\u00e7\u00e3o Previdenci\u00e1ria, Legisla\u00e7\u00e3o de Assist\u00eancia Social, Sa\u00fade do Trabalhador da Pessoa com Defici\u00eancia.&nbsp;<\/p><p>Foi um certame muito concorrido, ao todo foram 1.087.789 inscri\u00e7\u00f5es, sendo que 1.043.807 foram somente para o cargo de n\u00edvel m\u00e9dio.&nbsp;<\/p><h4><strong>Mudan\u00e7a no quantitativo do pedido<\/strong><\/h4><p>A diretora de Gest\u00e3o de Pessoas do INSS exp\u00f5e que diante do cen\u00e1rio restritivo de conten\u00e7\u00e3o de despesas p\u00fablicas e da necessidade de recomposi\u00e7\u00e3o da for\u00e7a de trabalho do instituto,<strong> a proposta \u00e9 alterar a quantidade de vagas de forma a viabilizar o aval.&nbsp;<\/strong><\/p><p>Anteriormente o pedido era para 6.004 cargos de<strong> T\u00e9cnico<\/strong>, cargo de n\u00edvel m\u00e9dio e al\u00e9m de oportunidade para cargo de <strong>Analista,<\/strong> de n\u00edvel superior. Os sal\u00e1rios s\u00e3o de <strong>R$ 5.186,79 e R$ 7.659,87<\/strong>, respectivamente.&nbsp;<\/p><p>Por mais que haja necessidade de grande quantidade de servidores, o INSS busca que as mil vagas de t\u00e9cnico sejam autorizadas no primeiro momento e que o quantitativo restante e as vagas para analista fiquem para an\u00e1lise do Projeto de Lei Or\u00e7ament\u00e1ria Anual (PLOA) de 2023. <\/p><h3>Cr\u00e9dito Suplementar pode favorecer Concurso INSS<\/h3><p>No \u00faltimo dia 5 de maio, durante uma reuni\u00e3o interministerial com os ministros, membros do Minist\u00e9rio da Economia e diretores do Instituto Nacional do Seguro Social foi discutido pautas ligadas a categoria que segue em greve desde mar\u00e7o deste ano.&nbsp;<\/p><p>Sobre o concurso INSS afirmaram que a san\u00e7\u00e3o do Projeto de Lei (PLN 1\/22), abre cr\u00e9dito suplementar de R$ 2,57 bilh\u00f5es para recomposi\u00e7\u00e3o do Or\u00e7amento, as contrata\u00e7\u00f5es para o INSS estariam entre as prioridades do governo.&nbsp;<\/p><p>&#8220;O INSS \u00e9 o \u00f3rg\u00e3o que encabe\u00e7a a lista de prioridades para novas contrata\u00e7\u00f5es. Quanto ao n\u00edvel superior, isto ainda dependeria de altera\u00e7\u00f5es na lei da carreira do Seguro Social&#8221;, diz of\u00edcio publicado pela Federa\u00e7\u00e3o Nacional dos Sindicatos de Trabalhadores em Sa\u00fade, Trabalho, Previd\u00eancia e Assist\u00eancia Social (Fenasps).<\/p><p>Vale lembrar que o Projeto de Lei j\u00e1 foi encaminhado para san\u00e7\u00e3o ou veto presidencial. O prazo limite para que isso ocorra \u00e9 o dia 24 de maio deste ano. <\/p><h3>Cronograma Concurso INSS<\/h3><p>O cronograma do certame foi colocado no documento do \u00faltimo pedido de 7.830 vagas para o caso do concurso ser autorizado, assim logo ap\u00f3s o aval ocorrer\u00e1 a defini\u00e7\u00e3o da oferta de vagas, j\u00e1 que o Minist\u00e9rio da Economia pode autorizar um quantitativo diferente do solicitado.&nbsp;<\/p><p>Depois o INSS prev\u00ea uma elabora\u00e7\u00e3o da minuta do edital com as principais informa\u00e7\u00f5es para a elabora\u00e7\u00e3o do documento oficial do concurso.&nbsp;<\/p><p>Segundo o pedido do concursos o prazo para fechar o projeto b\u00e1sico \u00e9 de oito dias, dando espa\u00e7o depois para a escolha e contrata\u00e7\u00e3o da banca organizadora.&nbsp;<\/p><p>Ap\u00f3s os 23 dias previstos da escolha da banca, o INSS conta com cinco dias para fechar a elabora\u00e7\u00e3o do edital, publicando finalmente no Di\u00e1rio Oficial com uma anteced\u00eancia de apenas quatro meses para a prova, dando apenas um m\u00eas para as inscri\u00e7\u00f5es.<\/p><p><strong>Resumo do cronograma:&nbsp;<\/strong><\/p><ul><li style=\"font-weight: 400;\" aria-level=\"1\"><b>Defini\u00e7\u00e3o das vagas do concurso INSS<\/b> &#8211; tr\u00eas dias<\/li><li style=\"font-weight: 400;\" aria-level=\"1\"><b>Elabora\u00e7\u00e3o do projeto b\u00e1sico &#8211;<\/b> oito dias<\/li><li style=\"font-weight: 400;\" aria-level=\"1\"><b>Envio do projeto b\u00e1sico \u00e0s bancas organizadoras &#8211;<\/b> um dia<\/li><li style=\"font-weight: 400;\" aria-level=\"1\"><b>Recebimento das propostas das bancas &#8211;<\/b> cinco dias<\/li><li style=\"font-weight: 400;\" aria-level=\"1\"><b>Escolha da banca &#8211; <\/b>um dia<\/li><li style=\"font-weight: 400;\" aria-level=\"1\"><b>Elabora\u00e7\u00e3o do contrato <\/b>&#8211; seis dias<\/li><li style=\"font-weight: 400;\" aria-level=\"1\"><b>Assinatura do contrato <\/b>&#8211; dez dias<\/li><li style=\"font-weight: 400;\" aria-level=\"1\"><b>Elabora\u00e7\u00e3o do edital &#8211; <\/b>cinco dias<\/li><li style=\"font-weight: 400;\" aria-level=\"1\"><b>Publica\u00e7\u00e3o do edital &#8211;<\/b> quatro meses antes da data da prova<\/li><\/ul><p>O diferencial entre este novo pedido e o enviado em 2021 \u00e9 o <strong>quantitativo de vagas<\/strong>, sendo 255 a mais do que a \u00faltima solicita\u00e7\u00e3o. Este quantitativo maior est\u00e1 dividido entre o cargo de t\u00e9cnico do seguro social (80 vagas) e para o analista do seguro social (175 vagas).&nbsp;<\/p><p>Estas vagas s\u00e3o conhecidas como generalistas, que exigem apenas a conclus\u00e3o de n\u00edvel m\u00e9dio ou superior, sem exig\u00eancia de cursos espec\u00edficos. Veja especifica\u00e7\u00f5es do cargo:&nbsp;<\/p><p><strong>T\u00e9cnico do seguro social<\/strong><\/p><p>Requisito: N\u00edvel M\u00e9dio&nbsp;<\/p><p>Remunera\u00e7\u00e3o: R$ 5.186,79<\/p><p>\u00c1reas: An\u00e1lise Reconhecimento de Direito RGPS (2.938 vagas), Combate \u00e0 Fraude (734), Servi\u00e7o de Apoio ao Reconhecimento de Direito (216), Servi\u00e7o de Atendimento de Demandas Judiciais (40), Servi\u00e7o de Cobran\u00e7a Administrativa (34), An\u00e1lise Reconhecimento de Direito RPPS (46) e Recomposi\u00e7\u00e3o do Quadro de Aposentados at\u00e9 2023 (1.996).<\/p><p><strong>Analista do Seguro Social<\/strong><\/p><p>Requisito: N\u00edvel superior&nbsp;<\/p><p>Remunera\u00e7\u00e3o R$ 7.659,87<\/p><p>\u00c1reas: Servi\u00e7o Social (463 vagas), Reabilita\u00e7\u00e3o Profissional (702) e Recomposi\u00e7\u00e3o do Quadro de Aposentados at\u00e9 2023 (406).<\/p><p>Voc\u00ea j\u00e1 viu que a concorr\u00eancia para o Concurso INSS \u00e9 enorme, mas que o n\u00famero de vagas tamb\u00e9m n\u00e3o est\u00e1 nada mal,&nbsp; por isso n\u00e3o fique esperando de bra\u00e7os cruzados, comece seus estudos imediatamente!! J\u00e1 estamos preparando para quem vai prestar o<a href=\"https:\/\/unicursos.com.br\/produto\/tecnico-e-analista-previdenciario-no-inss\/\"> Concurso INSS<\/a> e voc\u00ea j\u00e1 pode conferir, entre em <a href=\"https:\/\/unicursos.com.br\/contato\/\">contato com nossas consultoras<\/a> para saber qual o melhor caminho para os seus estudos!<\/p><p><a href=\"https:\/\/api.whatsapp.com\/send?phone=5512996504674\"><strong>(12) 99650-4674<\/strong><\/a><\/p><p><strong>3909-5800<\/strong><\/p><p><span style=\"font-size: 14pt;\"><strong>Fonte:&nbsp;<\/strong><\/span><\/p><p>FOLHA DIRIGIDA<\/p>\t\t\t\t\t\t<\/div>\n\t\t\t\t<\/div>\n\t\t\t\t\t<\/div>\n\t\t<\/div>\n\t\t\t\t\t\t\t<\/div>\n\t\t<\/section>\n\t\t\t\t\t\t<\/div>\n\t\t\t\t\t<\/div>\n\t\t<!-- AddThis Advanced Settings generic via filter on the_content --><!-- AddThis Share Buttons generic via filter on the_content -->","protected":false},"excerpt":{"rendered":"<p>Confira a lista de concursos que foram afetados no Brasil.<!-- AddThis Advanced Settings generic via filter on get_the_excerpt --><!-- AddThis Share Buttons generic via filter on get_the_excerpt --><\/p>\n","protected":false},"author":40,"featured_media":8205,"comment_status":"closed","ping_status":"closed","sticky":false,"template":"","format":"standard","meta":{"site-sidebar-layout":"default","site-content-layout":"default","ast-main-header-display":"","ast-hfb-above-header-display":"","ast-hfb-below-header-display":"","ast-hfb-mobile-header-display":"","site-post-title":"","ast-breadcrumbs-content":"","ast-featured-img":"","footer-sml-layout":"","theme-transparent-header-meta":"","adv-header-id-meta":"","stick-header-meta":"","header-above-stick-meta":"","header-main-stick-meta":"","header-below-stick-meta":"","footnotes":""},"categories":[2],"tags":[54,141,266,339,388,389],"class_list":["post-8195","post","type-post","status-publish","format-standard","has-post-thumbnail","hentry","category-concursos","tag-concurso","tag-concurso-publico","tag-inss","tag-projeto-federal","tag-unicursos","tag-unicursos-na-midia"],"yoast_head":"<!-- This site is optimized with the Yoast SEO plugin v18.1 - https:\/\/yoast.com\/wordpress\/plugins\/seo\/ -->\n<title>Concurso INSS 2022: Solicitado mudan\u00e7a na escolaridade<\/title>\n<meta name=\"description\" content=\"Ap\u00f3s a publica\u00e7\u00e3o da autoriza\u00e7\u00e3o do Concurso INSS o presidente do \u00f3rg\u00e3o solicitou a mudan\u00e7a da escolaridade do cargo de n\u00edvel m\u00e9dio, veja:\" \/>\n<meta name=\"robots\" content=\"index, follow, max-snippet:-1, max-image-preview:large, max-video-preview:-1\" \/>\n<link rel=\"canonical\" href=\"https:\/\/unicursos.com.br\/blog\/concurso-inss-2022-solicitado-mudanca-na-escolaridade\/\" \/>\n<meta property=\"og:locale\" content=\"pt_BR\" \/>\n<meta property=\"og:type\" content=\"article\" \/>\n<meta property=\"og:title\" content=\"Concurso INSS 2022: Solicitado mudan\u00e7a na escolaridade\" \/>\n<meta property=\"og:description\" content=\"Ap\u00f3s a publica\u00e7\u00e3o da autoriza\u00e7\u00e3o do Concurso INSS o presidente do \u00f3rg\u00e3o solicitou a mudan\u00e7a da escolaridade do cargo de n\u00edvel m\u00e9dio, veja:\" \/>\n<meta property=\"og:url\" content=\"https:\/\/unicursos.com.br\/blog\/concurso-inss-2022-solicitado-mudanca-na-escolaridade\/\" \/>\n<meta property=\"og:site_name\" content=\"Blog Unicursos\" \/>\n<meta property=\"article:published_time\" content=\"2022-06-23T20:39:07+00:00\" \/>\n<meta property=\"article:modified_time\" content=\"2022-09-22T13:29:15+00:00\" \/>\n<meta property=\"og:image\" content=\"https:\/\/unicursos.com.br\/blog\/wp-content\/uploads\/2022\/06\/concurso-pc-1-2.png\" \/>\n\t<meta property=\"og:image:width\" content=\"1110\" \/>\n\t<meta property=\"og:image:height\" content=\"550\" \/>\n\t<meta property=\"og:image:type\" content=\"image\/png\" \/>\n<meta name=\"twitter:card\" content=\"summary_large_image\" \/>\n<meta name=\"twitter:label1\" content=\"Escrito por\" \/>\n\t<meta name=\"twitter:data1\" content=\"Giovanna Panziera\" \/>\n\t<meta name=\"twitter:label2\" content=\"Est. tempo de leitura\" \/>\n\t<meta name=\"twitter:data2\" content=\"10 minutos\" \/>\n<script type=\"application\/ld+json\" class=\"yoast-schema-graph\">{\"@context\":\"https:\/\/schema.org\",\"@graph\":[{\"@type\":\"WebSite\",\"@id\":\"https:\/\/unicursos.com.br\/blog\/#website\",\"url\":\"https:\/\/unicursos.com.br\/blog\/\",\"name\":\"Blog Unicursos\",\"description\":\"S\u00f3 mais um site WordPress\",\"potentialAction\":[{\"@type\":\"SearchAction\",\"target\":{\"@type\":\"EntryPoint\",\"urlTemplate\":\"https:\/\/unicursos.com.br\/blog\/?s={search_term_string}\"},\"query-input\":\"required name=search_term_string\"}],\"inLanguage\":\"pt-BR\"},{\"@type\":\"ImageObject\",\"@id\":\"https:\/\/unicursos.com.br\/blog\/concurso-inss-2022-solicitado-mudanca-na-escolaridade\/#primaryimage\",\"inLanguage\":\"pt-BR\",\"url\":\"https:\/\/unicursos.com.br\/blog\/wp-content\/uploads\/2022\/06\/concurso-pc-1-2.png\",\"contentUrl\":\"https:\/\/unicursos.com.br\/blog\/wp-content\/uploads\/2022\/06\/concurso-pc-1-2.png\",\"width\":1110,\"height\":550},{\"@type\":\"WebPage\",\"@id\":\"https:\/\/unicursos.com.br\/blog\/concurso-inss-2022-solicitado-mudanca-na-escolaridade\/#webpage\",\"url\":\"https:\/\/unicursos.com.br\/blog\/concurso-inss-2022-solicitado-mudanca-na-escolaridade\/\",\"name\":\"Concurso INSS 2022: Solicitado mudan\u00e7a na escolaridade\",\"isPartOf\":{\"@id\":\"https:\/\/unicursos.com.br\/blog\/#website\"},\"primaryImageOfPage\":{\"@id\":\"https:\/\/unicursos.com.br\/blog\/concurso-inss-2022-solicitado-mudanca-na-escolaridade\/#primaryimage\"},\"datePublished\":\"2022-06-23T20:39:07+00:00\",\"dateModified\":\"2022-09-22T13:29:15+00:00\",\"author\":{\"@id\":\"https:\/\/unicursos.com.br\/blog\/#\/schema\/person\/6ba7607de60d4c6ed771490b3156da64\"},\"description\":\"Ap\u00f3s a publica\u00e7\u00e3o da autoriza\u00e7\u00e3o do Concurso INSS o presidente do \u00f3rg\u00e3o solicitou a mudan\u00e7a da escolaridade do cargo de n\u00edvel m\u00e9dio, veja:\",\"breadcrumb\":{\"@id\":\"https:\/\/unicursos.com.br\/blog\/concurso-inss-2022-solicitado-mudanca-na-escolaridade\/#breadcrumb\"},\"inLanguage\":\"pt-BR\",\"potentialAction\":[{\"@type\":\"ReadAction\",\"target\":[\"https:\/\/unicursos.com.br\/blog\/concurso-inss-2022-solicitado-mudanca-na-escolaridade\/\"]}]},{\"@type\":\"BreadcrumbList\",\"@id\":\"https:\/\/unicursos.com.br\/blog\/concurso-inss-2022-solicitado-mudanca-na-escolaridade\/#breadcrumb\",\"itemListElement\":[{\"@type\":\"ListItem\",\"position\":1,\"name\":\"In\u00edcio\",\"item\":\"https:\/\/unicursos.com.br\/blog\/\"},{\"@type\":\"ListItem\",\"position\":2,\"name\":\"Concurso INSS 2022: Solicitado mudan\u00e7a na escolaridade\"}]},{\"@type\":\"Person\",\"@id\":\"https:\/\/unicursos.com.br\/blog\/#\/schema\/person\/6ba7607de60d4c6ed771490b3156da64\",\"name\":\"Giovanna Panziera\",\"image\":{\"@type\":\"ImageObject\",\"@id\":\"https:\/\/unicursos.com.br\/blog\/#personlogo\",\"inLanguage\":\"pt-BR\",\"url\":\"https:\/\/secure.gravatar.com\/avatar\/5cb6f531d43bfe59b03c9f038aed276c40ad920ccea77cba97512e9c2086af14?s=96&d=mm&r=g\",\"contentUrl\":\"https:\/\/secure.gravatar.com\/avatar\/5cb6f531d43bfe59b03c9f038aed276c40ad920ccea77cba97512e9c2086af14?s=96&d=mm&r=g\",\"caption\":\"Giovanna Panziera\"},\"url\":\"https:\/\/unicursos.com.br\/blog\/author\/giovanna-panziera\/\"}]}<\/script>\n<!-- \/ Yoast SEO plugin. -->","yoast_head_json":{"title":"Concurso INSS 2022: Solicitado mudan\u00e7a na escolaridade","description":"Ap\u00f3s a publica\u00e7\u00e3o da autoriza\u00e7\u00e3o do Concurso INSS o presidente do \u00f3rg\u00e3o solicitou a mudan\u00e7a da escolaridade do cargo de n\u00edvel m\u00e9dio, veja:","robots":{"index":"index","follow":"follow","max-snippet":"max-snippet:-1","max-image-preview":"max-image-preview:large","max-video-preview":"max-video-preview:-1"},"canonical":"https:\/\/unicursos.com.br\/blog\/concurso-inss-2022-solicitado-mudanca-na-escolaridade\/","og_locale":"pt_BR","og_type":"article","og_title":"Concurso INSS 2022: Solicitado mudan\u00e7a na escolaridade","og_description":"Ap\u00f3s a publica\u00e7\u00e3o da autoriza\u00e7\u00e3o do Concurso INSS o presidente do \u00f3rg\u00e3o solicitou a mudan\u00e7a da escolaridade do cargo de n\u00edvel m\u00e9dio, veja:","og_url":"https:\/\/unicursos.com.br\/blog\/concurso-inss-2022-solicitado-mudanca-na-escolaridade\/","og_site_name":"Blog Unicursos","article_published_time":"2022-06-23T20:39:07+00:00","article_modified_time":"2022-09-22T13:29:15+00:00","og_image":[{"width":1110,"height":550,"url":"https:\/\/unicursos.com.br\/blog\/wp-content\/uploads\/2022\/06\/concurso-pc-1-2.png","type":"image\/png"}],"twitter_card":"summary_large_image","twitter_misc":{"Escrito por":"Giovanna Panziera","Est. tempo de leitura":"10 minutos"},"schema":{"@context":"https:\/\/schema.org","@graph":[{"@type":"WebSite","@id":"https:\/\/unicursos.com.br\/blog\/#website","url":"https:\/\/unicursos.com.br\/blog\/","name":"Blog Unicursos","description":"S\u00f3 mais um site WordPress","potentialAction":[{"@type":"SearchAction","target":{"@type":"EntryPoint","urlTemplate":"https:\/\/unicursos.com.br\/blog\/?s={search_term_string}"},"query-input":"required name=search_term_string"}],"inLanguage":"pt-BR"},{"@type":"ImageObject","@id":"https:\/\/unicursos.com.br\/blog\/concurso-inss-2022-solicitado-mudanca-na-escolaridade\/#primaryimage","inLanguage":"pt-BR","url":"https:\/\/unicursos.com.br\/blog\/wp-content\/uploads\/2022\/06\/concurso-pc-1-2.png","contentUrl":"https:\/\/unicursos.com.br\/blog\/wp-content\/uploads\/2022\/06\/concurso-pc-1-2.png","width":1110,"height":550},{"@type":"WebPage","@id":"https:\/\/unicursos.com.br\/blog\/concurso-inss-2022-solicitado-mudanca-na-escolaridade\/#webpage","url":"https:\/\/unicursos.com.br\/blog\/concurso-inss-2022-solicitado-mudanca-na-escolaridade\/","name":"Concurso INSS 2022: Solicitado mudan\u00e7a na escolaridade","isPartOf":{"@id":"https:\/\/unicursos.com.br\/blog\/#website"},"primaryImageOfPage":{"@id":"https:\/\/unicursos.com.br\/blog\/concurso-inss-2022-solicitado-mudanca-na-escolaridade\/#primaryimage"},"datePublished":"2022-06-23T20:39:07+00:00","dateModified":"2022-09-22T13:29:15+00:00","author":{"@id":"https:\/\/unicursos.com.br\/blog\/#\/schema\/person\/6ba7607de60d4c6ed771490b3156da64"},"description":"Ap\u00f3s a publica\u00e7\u00e3o da autoriza\u00e7\u00e3o do Concurso INSS o presidente do \u00f3rg\u00e3o solicitou a mudan\u00e7a da escolaridade do cargo de n\u00edvel m\u00e9dio, veja:","breadcrumb":{"@id":"https:\/\/unicursos.com.br\/blog\/concurso-inss-2022-solicitado-mudanca-na-escolaridade\/#breadcrumb"},"inLanguage":"pt-BR","potentialAction":[{"@type":"ReadAction","target":["https:\/\/unicursos.com.br\/blog\/concurso-inss-2022-solicitado-mudanca-na-escolaridade\/"]}]},{"@type":"BreadcrumbList","@id":"https:\/\/unicursos.com.br\/blog\/concurso-inss-2022-solicitado-mudanca-na-escolaridade\/#breadcrumb","itemListElement":[{"@type":"ListItem","position":1,"name":"In\u00edcio","item":"https:\/\/unicursos.com.br\/blog\/"},{"@type":"ListItem","position":2,"name":"Concurso INSS 2022: Solicitado mudan\u00e7a na escolaridade"}]},{"@type":"Person","@id":"https:\/\/unicursos.com.br\/blog\/#\/schema\/person\/6ba7607de60d4c6ed771490b3156da64","name":"Giovanna Panziera","image":{"@type":"ImageObject","@id":"https:\/\/unicursos.com.br\/blog\/#personlogo","inLanguage":"pt-BR","url":"https:\/\/secure.gravatar.com\/avatar\/5cb6f531d43bfe59b03c9f038aed276c40ad920ccea77cba97512e9c2086af14?s=96&d=mm&r=g","contentUrl":"https:\/\/secure.gravatar.com\/avatar\/5cb6f531d43bfe59b03c9f038aed276c40ad920ccea77cba97512e9c2086af14?s=96&d=mm&r=g","caption":"Giovanna Panziera"},"url":"https:\/\/unicursos.com.br\/blog\/author\/giovanna-panziera\/"}]}},"_links":{"self":[{"href":"https:\/\/unicursos.com.br\/blog\/wp-json\/wp\/v2\/posts\/8195","targetHints":{"allow":["GET"]}}],"collection":[{"href":"https:\/\/unicursos.com.br\/blog\/wp-json\/wp\/v2\/posts"}],"about":[{"href":"https:\/\/unicursos.com.br\/blog\/wp-json\/wp\/v2\/types\/post"}],"author":[{"embeddable":true,"href":"https:\/\/unicursos.com.br\/blog\/wp-json\/wp\/v2\/users\/40"}],"replies":[{"embeddable":true,"href":"https:\/\/unicursos.com.br\/blog\/wp-json\/wp\/v2\/comments?post=8195"}],"version-history":[{"count":8,"href":"https:\/\/unicursos.com.br\/blog\/wp-json\/wp\/v2\/posts\/8195\/revisions"}],"predecessor-version":[{"id":8321,"href":"https:\/\/unicursos.com.br\/blog\/wp-json\/wp\/v2\/posts\/8195\/revisions\/8321"}],"wp:featuredmedia":[{"embeddable":true,"href":"https:\/\/unicursos.com.br\/blog\/wp-json\/wp\/v2\/media\/8205"}],"wp:attachment":[{"href":"https:\/\/unicursos.com.br\/blog\/wp-json\/wp\/v2\/media?parent=8195"}],"wp:term":[{"taxonomy":"category","embeddable":true,"href":"https:\/\/unicursos.com.br\/blog\/wp-json\/wp\/v2\/categories?post=8195"},{"taxonomy":"post_tag","embeddable":true,"href":"https:\/\/unicursos.com.br\/blog\/wp-json\/wp\/v2\/tags?post=8195"}],"curies":[{"name":"wp","href":"https:\/\/api.w.org\/{rel}","templated":true}]}}