{"id":8988,"date":"2024-01-11T09:55:17","date_gmt":"2024-01-11T12:55:17","guid":{"rendered":"https:\/\/unicursos.com.br\/blog\/?p=8988"},"modified":"2024-01-11T09:55:52","modified_gmt":"2024-01-11T12:55:52","slug":"concurso-nacional-unificado-editais-publicados","status":"publish","type":"post","link":"https:\/\/unicursos.com.br\/blog\/concurso-nacional-unificado-editais-publicados\/","title":{"rendered":"Concurso Nacional Unificado: 8 editais publicados com 6.640 vagas +CR"},"content":{"rendered":"<h2>O &#8220;Enem dos Concursos&#8221; teve seus 8 editais publicados ontem, dia 10\/01, com 6.640 vagas + CR para cargos de n\u00edvel m\u00e9dio e superior. Saiba mais<\/h2>\n<p>Foram publicados nesta quarta-feira, 10 de janeiro de 2024, os 8 editais do primeiro Concurso Nacional Unificado, tamb\u00e9m conhecido como &#8220;Enem dos Concursos&#8221;. O concurso oferece at\u00e9 6.640 vagas (+ cadastro reserva para contrata\u00e7\u00e3o tempor\u00e1ria) para diversos cargos de n\u00edvel m\u00e9dio e superior. As remunera\u00e7\u00e3o podem chegar ao valor inicial de R$23 mil!<\/p>\n<p>As inscri\u00e7\u00f5es do concurso ser\u00e3o abertas dia 19 de janeiro e encerradas dia 09 de fevereiro, com a prova marcada para o dia 05 de maio em 220 cidades espalhadas por todo pa\u00eds. A proposta da iniciativa \u00e9 democratizar o acesso ao servi\u00e7o p\u00fablico com a libera\u00e7\u00e3o de vagas para mais de 20 \u00f3rg\u00e3os do Poder Executivo Federal.<\/p>\n<h3>Editais e blocos do CNU]<\/h3>\n<p>O concurso conta com um edital para cada bloco tem\u00e1tico do concurso, sendo eles:<\/p>\n<ul>\n<li>Bloco 1 &#8211; Infraestrutura, Exatas e Engenharias &#8211; 727 vagas;<\/li>\n<li>Bloco 2 &#8211; Tecnologia, Dados, e Informa\u00e7\u00e3o &#8211; 597 vagas;<\/li>\n<li>Bloco 3 &#8211; Ambiental, Agr\u00e1rio e Biol\u00f3gicas &#8211; 530 vagas;<\/li>\n<li>Bloco 4 &#8211; Trabalho e Sa\u00fade do Servidor &#8211; 971 vagas;<\/li>\n<li>Bloco 5- Educa\u00e7\u00e3o, Sa\u00fade, Desenvolvimento Social e Direitos Humanos &#8211; 1.016 vagas;<\/li>\n<li>Bloco 6 &#8211; Setores Econ\u00f4micos e Regula\u00e7\u00e3o &#8211; 359 vagas;<\/li>\n<li>Bloco 7 &#8211; Gest\u00e3o Governamental e Administra\u00e7\u00e3o P\u00fablica &#8211; 1.748 vagas;<\/li>\n<li>Bloco 8 &#8211; N\u00edvel Intermedi\u00e1rio &#8211; 692 vagas.<\/li>\n<\/ul>\n<p>H\u00e1 reservas de 20% das vagas para pessoas negras, 5% das vagas para pessoas com defici\u00eancia e no caso dos cargos da Funai (Funda\u00e7\u00e3o Nacional dos Ind\u00edgenas), 30% das vagas para ind\u00edgenas.<\/p>\n<p><a href=\"https:\/\/drive.google.com\/file\/d\/1Drmhs3lHp9AzqTmG1WVljjXWl9JcNjHs\/view?usp=drive_link\">CLIQUE AQQUI E CONFIRA TODOS OS EDITAIS NO INTEGRA<\/a><\/p>\n<h4>Cargos e remunera\u00e7\u00f5es por Bloco<\/h4>\n<p><strong>Bloco 1: Infraestrutura, Exatas e Engenharias: 727 vagas<\/strong><\/p>\n<ul>\n<li>Advocacia Geral da Uni\u00e3o (AGU) &#8211; arquiteto: 5 vagas;<\/li>\n<li>Advocacia Geral da Uni\u00e3o (AGU) &#8211; engenheiros: 18 vagas;<\/li>\n<li>Ag\u00eancia Nacional de Energia El\u00e9trica (Aneel) &#8211; especialista em regula\u00e7\u00e3o de servi\u00e7os p\u00fablicos de energia &#8211; Qualquer \u00e1rea de conhecimento: 10 vagas;<\/li>\n<li>Funda\u00e7\u00e3o Nacional dos Povos Ind\u00edgenas (Funai) &#8211; especialista em indigenismo &#8211; Engenharia: 20 vagas;<\/li>\n<li>Funda\u00e7\u00e3o Nacional dos Povos Ind\u00edgenas (Funai) &#8211; especialista em indigenismo &#8211; Arquitetura: 1 vaga;<\/li>\n<li>Instituto Brasileiro de Geografia e Estat\u00edstica (IBGE) &#8211; analista de gest\u00e3o e infraestrutura em Informa\u00e7\u00f5es Geogr\u00e1ficas e Estat\u00edsticas (para as especialidades de Arquitetura, Engenharia Civil, Engenharia El\u00e9trica, Engenharia Mec\u00e2nica, Geoprocessamento): 13 vagas;<\/li>\n<li>Instituto Brasileiro de Geografia e Estat\u00edstica (IBGE) &#8211; tecnologista em informa\u00e7\u00f5es geogr\u00e1ficas e estat\u00edsticas (para as especialidades de Geoprocessamento, Engenharia de produ\u00e7\u00e3o, gest\u00e3o em pesquisa, cartografia e geod\u00e9sia): 120 vagas;<\/li>\n<li>Instituto Nacional de Coloniza\u00e7\u00e3o e Reforma Agr\u00e1ria (Incra) &#8211; analista em Reforma e Desenvolvimento Agr\u00e1rio &#8211; Engenharia: 128 vagas;<\/li>\n<li>Minist\u00e9rio da Agricultura e Pecu\u00e1ria (Mapa) &#8211; analista em ci\u00eancia e tecnologia &#8211; Engenharia El\u00e9trica ou Eletr\u00f4nica: 2 vagas;<\/li>\n<li>Minist\u00e9rio da Ci\u00eancia, Tecnologia e Inova\u00e7\u00e3o (MCTI) &#8211; analista em ci\u00eancia e tecnologia &#8211; Engenharia: 51 vagas;<\/li>\n<li>Minist\u00e9rio da Gest\u00e3o e Inova\u00e7\u00e3o em Servi\u00e7os P\u00fablicos (MGI) &#8211; analista de infraestrutura (AIE) nas \u00e1reas de Engenharia e Arquitetura: 270 vagas;<\/li>\n<li>Minist\u00e9rio da Gest\u00e3o e Inova\u00e7\u00e3o em Servi\u00e7os P\u00fablicos (MGI) &#8211; arquiteto: 14 vagas;<\/li>\n<li>Minist\u00e9rio da Gest\u00e3o e Inova\u00e7\u00e3o em Servi\u00e7os P\u00fablicos (MGI) &#8211; engenheiro: 68 vagas;<\/li>\n<li>Minist\u00e9rio da Gest\u00e3o e Inova\u00e7\u00e3o em Servi\u00e7os P\u00fablicos (MGI) &#8211; especialista em pol\u00edticas p\u00fablicas e gest\u00e3o governamental (EPPGG) &#8211; Qualquer \u00e1rea de conhecimento: 5 vagas;<\/li>\n<li>Minist\u00e9rio da Sa\u00fade (MS) &#8211; tecnologista &#8211; Engenharia Civil ou Arquitetura: 2 vagas.<\/li>\n<\/ul>\n<p><strong>Bloco 2: Tecnologia, Dados e Informa\u00e7\u00e3o: 597 vagas<\/strong><\/p>\n<ul>\n<li>Advocacia Geral da Uni\u00e3o (AGU) &#8211; estat\u00edstico: 7 vagas;<\/li>\n<li>Funda\u00e7\u00e3o Nacional dos Povos Ind\u00edgenas (Funai) &#8211; especialista em indigenismo &#8211; Estat\u00edstica: 1 vaga;<\/li>\n<li>Instituto Brasileiro de Geografia e Estat\u00edstica (IBGE) &#8211; analista de planejamento, gest\u00e3o e infraestrutura em Informa\u00e7\u00f5es Geogr\u00e1ficas e Estat\u00edsticas (para as especialidades de Desenvolvimento e Tecnologia da Informa\u00e7\u00e3o; Redes e telecomunica\u00e7\u00f5es; infraestrutura e suporte de Tecnologia da Informa\u00e7\u00e3o): 70 vagas;<\/li>\n<li>Instituto Brasileiro de Geografia e Estat\u00edstica (IBGE) &#8211; pesquisador em Informa\u00e7\u00f5es Geogr\u00e1ficas e Estat\u00edsticas &#8211; estat\u00edstica: 4 vagas;<\/li>\n<li>Instituto Brasileiro de Geografia e Estat\u00edstica (IBGE) &#8211;\u00a0tecnologista em informa\u00e7\u00f5es geogr\u00e1ficas e estat\u00edsticas (para as especialidades de m\u00e9todos quantitativos; ci\u00eancia de dados; web design e produ\u00e7\u00e3o gr\u00e1fica; estat\u00edstica): 48 vagas;<\/li>\n<li>Instituto Nacional de Coloniza\u00e7\u00e3o e Reforma Agr\u00e1ria (Incra) &#8211; analista administrativo &#8211; Tecnologia da Informa\u00e7\u00e3o: 6 vagas;<\/li>\n<li>Instituto Nacional de Estudos e Pesquisas Educacionais An\u00edsio Teixeira (INEP) &#8211; pesquisador-tecnologista em Informa\u00e7\u00f5es e Avalia\u00e7\u00f5es Educacionais &#8211; Qualquer \u00e1rea de conhecimento: 20 vagas;<\/li>\n<li>Minist\u00e9rio da Agricultura e Pecu\u00e1ria (Mapa) &#8211; analista em ci\u00eancia e tecnologia &#8211; Tecnologia da Informa\u00e7\u00e3o: 20 vagas;<\/li>\n<li>Minist\u00e9rio da Ci\u00eancia, Tecnologia e Inova\u00e7\u00e3o (MCTI) &#8211; analista em ci\u00eancia e tecnologia &#8211; Tecnologia da Informa\u00e7\u00e3o: 11 vagas;<\/li>\n<li>Minist\u00e9rio da Ci\u00eancia, Tecnologia e Inova\u00e7\u00e3o (MCTI) &#8211; analista em ci\u00eancia e tecnologia &#8211; Ci\u00eancias de Dados: 8 vagas;<\/li>\n<li>Minist\u00e9rio da Ci\u00eancia, Tecnologia e Inova\u00e7\u00e3o (MCTI) &#8211; analista em ci\u00eancia e tecnologia &#8211; Pol\u00edticas P\u00fablicas de Ci\u00eancia, Tecnologia e Inova\u00e7\u00e3o: 17 vagas.<\/li>\n<li>Minist\u00e9rio da Gest\u00e3o e Inova\u00e7\u00e3o em Servi\u00e7os P\u00fablicos (MGI) &#8211; analista em Tecnologia da Informa\u00e7\u00e3o (ATI): 300 vagas;<\/li>\n<li>Minist\u00e9rio da Gest\u00e3o e Inova\u00e7\u00e3o em Servi\u00e7os P\u00fablicos (MGI) &#8211; analista t\u00e9cnico de pol\u00edticas sociais (ATPS) &#8211; Tecnologia da Informa\u00e7\u00e3o: 20 vagas;<\/li>\n<li>Minist\u00e9rio da Gest\u00e3o e Inova\u00e7\u00e3o em Servi\u00e7os P\u00fablicos (MGI) &#8211; especialista em pol\u00edticas p\u00fablicas e gest\u00e3o governamental (EPPGG) &#8211; Qualquer \u00e1rea de conhecimento: 15 vagas;<\/li>\n<li>Minist\u00e9rio da Gest\u00e3o e Inova\u00e7\u00e3o em Servi\u00e7os P\u00fablicos (MGI) &#8211; estat\u00edstico: 12 vagas;<\/li>\n<li>Minist\u00e9rio da Sa\u00fade (MS) &#8211; tecnologista &#8211; Tecnologia da Informa\u00e7\u00e3o: 32 vagas;<\/li>\n<li>Superintend\u00eancia Nacional de Previd\u00eancia Complementar (Previc): analista administrativo &#8211; Tecnologia da informa\u00e7\u00e3o: 6 vagas.<\/li>\n<\/ul>\n<p><strong>Bloco 3: Ambiental, Agr\u00e1rio e Biol\u00f3gicas: 530 vagas<\/strong><\/p>\n<ul>\n<li>Funda\u00e7\u00e3o Nacional dos Povos Ind\u00edgenas (Funai) &#8211; especialista em indigenismo &#8211; Engenharia Agron\u00f4mica: 31 vagas;<\/li>\n<li>Funda\u00e7\u00e3o Nacional dos Povos Ind\u00edgenas (Funai) &#8211; especialista em indigenismo &#8211; Engenharia Florestal: 2 vagas;<\/li>\n<li>Funda\u00e7\u00e3o Nacional dos Povos Ind\u00edgenas (Funai) &#8211; especialista em indigenismo &#8211; an\u00e1lise pecu\u00e1ria: 4 vagas;<\/li>\n<li>Instituto Brasileiro de Geografia e Estat\u00edstica (IBGE) &#8211; pesquisador em Informa\u00e7\u00f5es Geogr\u00e1ficas e Estat\u00edsticas &#8211; Geografia: 2 vagas;<\/li>\n<li>Instituto Brasileiro de Geografia e Estat\u00edstica (IBGE) &#8211;\u00a0tecnologista em informa\u00e7\u00f5es geogr\u00e1ficas e estat\u00edsticas (para as especialidades de An\u00e1lise florestal; an\u00e1lise agr\u00edcola e pecu\u00e1ria; an\u00e1lise ambiental; Biologia; Geografia): 27 vagas;<\/li>\n<li>Minist\u00e9rio da Agricultura e Pecu\u00e1ria (Mapa) &#8211; auditor-fiscal federal agropecu\u00e1rio &#8211; Engenheiro Agr\u00f4nomo (com registro no Conselho de Classe): 116 vagas;<\/li>\n<li>Minist\u00e9rio da Agricultura e Pecu\u00e1ria (Mapa) &#8211; auditor-fiscal federal agropecu\u00e1rio &#8211; M\u00e9dico Veterin\u00e1rio (com registro no Conselho de Classe): 55 vagas;<\/li>\n<li>Minist\u00e9rio da Agricultura e Pecu\u00e1ria (Mapa) &#8211; auditor-fiscal federal agropecu\u00e1rio &#8211; Qu\u00edmico (com registro no Conselho de Classe): 12 vagas;<\/li>\n<li>Minist\u00e9rio da Agricultura e Pecu\u00e1ria (Mapa) &#8211; auditor-fiscal federal agropecu\u00e1rio &#8211; Farm\u00e1cia: 11 vagas;<\/li>\n<li>Minist\u00e9rio da Agricultura e Pecu\u00e1ria (Mapa) &#8211; auditor-fiscal federal agropecu\u00e1rio &#8211; Zootecnista (com registro no Conselho de Classe): 6 vagas;<\/li>\n<li>Minist\u00e9rio da Agricultura e Pecu\u00e1ria (Mapa) &#8211;\u00a0tecnologista &#8211; Meteorologista ou Ci\u00eancias Atmosf\u00e9ricas: 40 vagas.<\/li>\n<li>Instituto Nacional de Coloniza\u00e7\u00e3o e Reforma Agr\u00e1ria (Incra) &#8211; analista em reforma e desenvolvimento agr\u00e1rio &#8211; Engenharia Florestal: 17 vagas;<\/li>\n<li>Instituto Nacional de Coloniza\u00e7\u00e3o e Reforma Agr\u00e1ria (Incra) &#8211; engenheiro agr\u00f4nomo: 159 vagas;<\/li>\n<li>Minist\u00e9rio da Ci\u00eancia, Tecnologia e Inova\u00e7\u00e3o (MGI) &#8211; analista em ci\u00eancia e tecnologia &#8211; Ci\u00eancias biol\u00f3gicas, agr\u00e1rias e\/ou ambientais: 13 vagas;<\/li>\n<li>Minist\u00e9rio da Ci\u00eancia, Tecnologia e Inova\u00e7\u00e3o (MGI) &#8211; analista de infraestrutura (AIE) &#8211; Geoci\u00eancias: 30 vagas;<\/li>\n<li>Minist\u00e9rio da Gest\u00e3o e Inova\u00e7\u00e3o em Servi\u00e7os P\u00fablicos (MGI) &#8211; Especialista em pol\u00edticas p\u00fablicas e gest\u00e3o governamental (EPPGG) &#8211; ambiental, agr\u00e1rio e biol\u00f3gicas: 5 vagas.<\/li>\n<\/ul>\n<p><strong>Bloco 4: Trabalho e Sa\u00fade do Servidor: 971 vagas<\/strong><\/p>\n<ul>\n<li>Advocacia Geral da Uni\u00e3o (AGU) &#8211; m\u00e9dico: 3 vagas;<\/li>\n<li>Funda\u00e7\u00e3o Nacional dos Povos Ind\u00edgenas (FUNAI) &#8211; psic\u00f3logo: 10 vagas;<\/li>\n<li>Funda\u00e7\u00e3o Nacional dos Povos Ind\u00edgenas (FUNAI) &#8211; especialista em indigenismo &#8211; Psicologia: 6 vagas;<\/li>\n<li>Funda\u00e7\u00e3o Nacional dos Povos Ind\u00edgenas (FUNAI) &#8211; analista t\u00e9cnico de pol\u00edticas sociais (ATPS) &#8211; Qualquer \u00e1rea de conhecimento: 20 vagas;<\/li>\n<li>Funda\u00e7\u00e3o Nacional dos Povos Ind\u00edgenas (FUNAI) &#8211; especialistas em pol\u00edticas p\u00fablicas e gest\u00e3o governamental (EPPGG) &#8211; Qualquer \u00e1rea de conhecimento: 10 vagas;<\/li>\n<li>Minist\u00e9rio da Gest\u00e3o e da Inova\u00e7\u00e3o em Servi\u00e7os P\u00fablicos (MGI) &#8211; m\u00e9dico: 20 vagas;<\/li>\n<li>Minist\u00e9rio do Trabalho e Emprego (MTE) &#8211; psic\u00f3logo: 2 vagas;<\/li>\n<li>Minist\u00e9rio do Trabalho e Emprego (MTE) &#8211; auditor-fiscal do trabalho (AFT): 900 vagas.<\/li>\n<\/ul>\n<p><strong>Bloco 5: Educa\u00e7\u00e3o, Sa\u00fade, Desenvolvimento Social e Direitos Humanos: 1.016 vagas<\/strong><\/p>\n<ul>\n<li>Advocacia Geral da Uni\u00e3o (AGU): t\u00e9cnico em assuntos educacionais &#8211; Pedagogia: 20 vagas;<\/li>\n<li>Advocacia Geral da Uni\u00e3o (AGU): t\u00e9cnico em assuntos educacionais &#8211; Indigenismo: 152 vagas;<\/li>\n<li>Advocacia Geral da Uni\u00e3o (AGU): t\u00e9cnico em assuntos educacionais &#8211; Antropologia: 19 vagas.<\/li>\n<li>Funda\u00e7\u00e3o Nacional dos Povos Ind\u00edgenas (FUNAI) &#8211; especialista em indigenismo &#8211; Assistente Social: 21 vagas;<\/li>\n<li>Funda\u00e7\u00e3o Nacional dos Povos Ind\u00edgenas (FUNAI) &#8211; especialista em indigenismo &#8211; Sociologia: 12 vagas;<\/li>\n<li>Funda\u00e7\u00e3o Nacional dos Povos Ind\u00edgenas (FUNAI) &#8211; especialista em indigenismo &#8211; Pedagogia: 2 vagas;<\/li>\n<li>Instituto Brasileiro de Geografia e Estat\u00edstica (IBGE) &#8211; analista de planejamento, gest\u00e3o e infraestrutura em informa\u00e7\u00f5es geogr\u00e1ficas e estat\u00edsticas &#8211; Psicopedagogia: 1 vaga;<\/li>\n<li>Instituto Brasileiro de Geografia e Estat\u00edstica (IBGE) &#8211; pesquisador em informa\u00e7\u00f5es geogr\u00e1ficas e estat\u00edsticas &#8211; Demografia: 2 vagas;<\/li>\n<li>Instituto Brasileiro de Geografia e Estat\u00edstica (IBGE) &#8211; tecnologista em informa\u00e7\u00f5es geogr\u00e1ficas e estat\u00edsticas &#8211; Demografia: 1 vaga;<\/li>\n<li>Instituto Nacional de Coloniza\u00e7\u00e3o e Reforma Agr\u00e1ria (Incra) &#8211; analista em reforma e desenvolvimento agr\u00e1rio &#8211; Antropologia: 58 vagas;<\/li>\n<li>Instituto Nacional de Estudos e Pesquisas Educacionais An\u00edsio Teixeira (INEP): Pesquisador-Tecnologista em Informa\u00e7\u00f5es e Avalia\u00e7\u00f5es Educacionais &#8211; Qualquer \u00e1rea de conhecimento: 10 vagas;<\/li>\n<li>Minist\u00e9rio da Ci\u00eancia, Tecnologia e Inova\u00e7\u00e3o (MCTI) &#8211; Analista em Ci\u00eancia e Tecnologia &#8211; Ci\u00eancias Humanas, Sa\u00fade e\/ou Sociais Aplicadas: 13 vagas;<\/li>\n<li>Minist\u00e9rio da Ci\u00eancia, Tecnologia e Inova\u00e7\u00e3o (MCTI) &#8211; Analista em Ci\u00eancia e Tecnologia &#8211; Pol\u00edticas P\u00fablicas de Ci\u00eancia, Tecnologia e Inova\u00e7\u00e3o: 8 vagas;<\/li>\n<li>Minist\u00e9rio da Gest\u00e3o e da Inova\u00e7\u00e3o em Servi\u00e7os P\u00fablicos (MGI) &#8211; Analista T\u00e9cnico Administrativo &#8211; Hist\u00f3ria: 8 vagas;<\/li>\n<li>Minist\u00e9rio da Gest\u00e3o e da Inova\u00e7\u00e3o em Servi\u00e7os P\u00fablicos (MGI) &#8211; Analista T\u00e9cnico de Pol\u00edticas Sociais &#8211; ATPS (MGI, MJSP, MDHC, MEC) &#8211; Qualquer \u00e1rea de conhecimento: 460 vagas;<\/li>\n<li>Minist\u00e9rio da Gest\u00e3o e da Inova\u00e7\u00e3o em Servi\u00e7os P\u00fablicos (MGI) &#8211; Especialistas em Pol\u00edticas P\u00fablicas e Gest\u00e3o Governamental (EPPGG) &#8211; Qualquer \u00e1rea de conhecimento: 20 vagas;<\/li>\n<li>Minist\u00e9rio da Gest\u00e3o e da Inova\u00e7\u00e3o em Servi\u00e7os P\u00fablicos (MGI) &#8211; T\u00e9cnico em Assuntos Educacionais &#8211; Pedagogia: 2 vagas;<\/li>\n<li>Minist\u00e9rio da Sa\u00fade (MS) &#8211; Tecnologista &#8211; \u00c1rea da sa\u00fade: 66 vagas;<\/li>\n<li>Minist\u00e9rio da Sa\u00fade (MS) &#8211; Tecnologista &#8211; Fomento do Complexo Econ\u00f4mico-Industrial da Sa\u00fade: 15 vagas;<\/li>\n<li>Minist\u00e9rio da Sa\u00fade (MS) &#8211; Tecnologista &#8211; Farm\u00e1cia: 25 vagas;<\/li>\n<li>Minist\u00e9rio da Sa\u00fade (MS) &#8211; Tecnologista &#8211;\u00a0\u00c1rea da sa\u00fade: 71 vagas;<\/li>\n<li>Minist\u00e9rio dos Povos Ind\u00edgenas (MPI) &#8211; Analista T\u00e9cnico Administrativo &#8211; Qualquer \u00e1rea de conhecimento: 30 vagas.<\/li>\n<\/ul>\n<p><strong>Bloco 6: Setores Econ\u00f4micos e Regula\u00e7\u00e3o: 359 vagas<\/strong><\/p>\n<ul>\n<li>Advocacia Geral da Uni\u00e3o (AGU) &#8211; economista: 35 vagas;<\/li>\n<li>Ag\u00eancia Nacional de Energia El\u00e9trica (Aneel) &#8211; especialista em regula\u00e7\u00e3o de servi\u00e7os p\u00fablicos de energia &#8211; Qualquer \u00e1rea de conhecimento: 30 vagas;<\/li>\n<li>Ag\u00eancia Nacional de Sa\u00fade Suplementar (ANS) &#8211; Especialista em Regula\u00e7\u00e3o de Sa\u00fade Suplementar &#8211; qualquer \u00e1rea de conhecimento: 35 vagas;<\/li>\n<li>Ag\u00eancia Nacional de Transportes Aquavi\u00e1rios (Antaq) &#8211; Especialista em Regula\u00e7\u00e3o de Servi\u00e7os de Transportes Aquavi\u00e1rios &#8211; qualquer \u00e1rea de conhecimento: 30 vagas;<\/li>\n<li>Funda\u00e7\u00e3o Nacional dos Povos Ind\u00edgenas (Funai) &#8211; Especialista em Indigenismo &#8211; Economia: 24 vagas;<\/li>\n<li>Instituto Brasileiro de Geografia e Estat\u00edstica (IBGE) &#8211; Analista de Planejamento, Gest\u00e3o e Infraestrutura em Informa\u00e7\u00f5es Geogr\u00e1ficas e Estat\u00edsticas &#8211; Rela\u00e7\u00f5es Internacionais: 3 vagas;<\/li>\n<li>Instituto Brasileiro de Geografia e Estat\u00edstica (IBGE) &#8211; Tecnologista em Informa\u00e7\u00f5es Geogr\u00e1ficas e Estat\u00edsticas &#8211; Economia: 29 vagas;<\/li>\n<li>Instituto Nacional de Coloniza\u00e7\u00e3o e Reforma Agr\u00e1ria (Incra) &#8211; Analista em Reforma e Desenvolvimento Agr\u00e1rio &#8211; Economia: 5 vagas;<\/li>\n<li>Minist\u00e9rio da Ci\u00eancia, Tecnologia e Inova\u00e7\u00e3o (MCTI) &#8211; Analista em Ci\u00eancia e Tecnologia &#8211; Direito: 15 vagas;<\/li>\n<li>Minist\u00e9rio da Ci\u00eancia, Tecnologia e Inova\u00e7\u00e3o (MCTI) &#8211; Analista em Ci\u00eancia e Tecnologia &#8211; Ci\u00eancias Humanas e Sociais Aplicadas: 11 vagas;<\/li>\n<li>Minist\u00e9rio da Gest\u00e3o e da Inova\u00e7\u00e3o em Servi\u00e7os P\u00fablicos (MGI) &#8211; Economista: 27 vagas;<\/li>\n<li>Minist\u00e9rio da Gest\u00e3o e da Inova\u00e7\u00e3o em Servi\u00e7os P\u00fablicos (MGI) &#8211; Especialistas em Pol\u00edticas P\u00fablicas e Gest\u00e3o Governamental (EPPGG) &#8211; Qualquer \u00e1rea de conhecimento: 15 vagas;<\/li>\n<li>Minist\u00e9rio do Desenvolvimento, Ind\u00fastria, Com\u00e9rcio e Servi\u00e7os (MDIC) &#8211; Analista de Com\u00e9rcio Exterior (ACE) &#8211; Qualquer \u00e1rea de conhecimento: 50 vagas;<\/li>\n<li>Minist\u00e9rio do Desenvolvimento, Ind\u00fastria, Com\u00e9rcio e Servi\u00e7os (MDIC) &#8211;\u00a0Economista: 10 vagas;<\/li>\n<li>Minist\u00e9rio do Planejamento e Or\u00e7amento (MPO) &#8211; Economista: 15 vagas;<\/li>\n<li>Superintend\u00eancia Nacional de Previd\u00eancia Complementar (Previc): Especialista em Previd\u00eancia Complementar &#8211; Qualquer \u00e1rea de conhecimento: 25 vagas.<\/li>\n<\/ul>\n<p><strong>Bloco 7: Gest\u00e3o Governamental e Administra\u00e7\u00e3o P\u00fablica: 1.748 vagas<\/strong><\/p>\n<ul>\n<li>Advocacia Geral da Uni\u00e3o (AGU) &#8211; Administrador: 154 vagas;<\/li>\n<li>Advocacia Geral da Uni\u00e3o (AGU) &#8211; Analista T\u00e9cnico Administrativo &#8211; Analista T\u00e9cnico Administrativo: 90 vagas;<\/li>\n<li>Advocacia Geral da Uni\u00e3o (AGU) &#8211; Arquivista: 2 vagas;<\/li>\n<li>Advocacia Geral da Uni\u00e3o (AGU) &#8211; Contador: 47 vagas;<\/li>\n<li>Advocacia Geral da Uni\u00e3o (AGU) &#8211;\u00a0T\u00e9cnico em Comunica\u00e7\u00e3o Social: 9 vagas;<\/li>\n<li>Instituto Brasileiro de Geografia e Estat\u00edstica (IBGE) &#8211; Analista de Planejamento, Gest\u00e3o e Infraestrutura em Informa\u00e7\u00f5es Geogr\u00e1ficas e Estat\u00edsticas &#8211; Ci\u00eancias cont\u00e1beis e gest\u00e3o de pesquisa: 26 vagas;<\/li>\n<li>Instituto Brasileiro de Geografia e Estat\u00edstica (IBGE) &#8211; Analista de Planejamento, Gest\u00e3o e Infraestrutura em Informa\u00e7\u00f5es Geogr\u00e1ficas e Estat\u00edsticas &#8211; Planejamento, Or\u00e7amento e gest\u00e3o administrativa, auditoria e corregedoria: 152 vagas;<\/li>\n<li>Instituto Brasileiro de Geografia e Estat\u00edstica (IBGE) &#8211; Analista de Planejamento, Gest\u00e3o e Infraestrutura em Informa\u00e7\u00f5es Geogr\u00e1ficas e Estat\u00edsticas &#8211; Letras (portugu\u00eas-ingl\u00eas): 4 vagas;<\/li>\n<li>Instituto Brasileiro de Geografia e Estat\u00edstica (IBGE) &#8211; Analista de Planejamento, Gest\u00e3o e Infraestrutura em Informa\u00e7\u00f5es Geogr\u00e1ficas e Estat\u00edsticas &#8211; Educa\u00e7\u00e3o corporativa e<\/li>\n<li>administra\u00e7\u00e3o escolar: 6 vagas;<\/li>\n<li>Instituto Brasileiro de Geografia e Estat\u00edstica (IBGE) &#8211; Tecnologista em Informa\u00e7\u00f5es Geogr\u00e1ficas e Estat\u00edsticas &#8211; Planejamento e gest\u00e3o t\u00e9cnica, Planejamento e gest\u00e3o<\/li>\n<li>administrativa: 41 vagas;<\/li>\n<li>Instituto Brasileiro de Geografia e Estat\u00edstica (IBGE) &#8211; Tecnologista em Informa\u00e7\u00f5es Geogr\u00e1ficas e Estat\u00edsticas &#8211; Arquivologia: 2 vagas;<\/li>\n<li>Instituto Brasileiro de Geografia e Estat\u00edstica (IBGE) &#8211; Tecnologista em Informa\u00e7\u00f5es Geogr\u00e1ficas e Estat\u00edsticas &#8211; Biblioteconomia: 4 vagas;<\/li>\n<li>Instituto Brasileiro de Geografia e Estat\u00edstica (IBGE) &#8211; Tecnologista em Informa\u00e7\u00f5es Geogr\u00e1ficas e Estat\u00edsticas &#8211; Comunica\u00e7\u00e3o social: 28 vagas;<\/li>\n<li>Instituto Brasileiro de Geografia e Estat\u00edstica (IBGE) &#8211; Tecnologista em Informa\u00e7\u00f5es Geogr\u00e1ficas e Estat\u00edsticas &#8211; Hist\u00f3ria: 2 vagas;<\/li>\n<li>Instituto Brasileiro de Geografia e Estat\u00edstica (IBGE) &#8211; Tecnologista em Informa\u00e7\u00f5es Geogr\u00e1ficas e Estat\u00edsticas &#8211; Produ\u00e7\u00e3o audiovisual e publicidade e propaganda: 10 vagas;<\/li>\n<li>Funda\u00e7\u00e3o Nacional dos Povos Ind\u00edgenas (Funai) &#8211; Especialista em Indigenismo &#8211; Administra\u00e7\u00e3o: 26 vagas;<\/li>\n<li>Funda\u00e7\u00e3o Nacional dos Povos Ind\u00edgenas (Funai) &#8211; Especialista em Indigenismo &#8211; Arquivologia: 1 vaga;<\/li>\n<li>Funda\u00e7\u00e3o Nacional dos Povos Ind\u00edgenas (Funai) &#8211; Especialista em Indigenismo &#8211; Biblioteconomia: 6 vagas;<\/li>\n<li>Funda\u00e7\u00e3o Nacional dos Povos Ind\u00edgenas (Funai) &#8211; Especialista em Indigenismo &#8211; Comunica\u00e7\u00e3o Social: 10 vagas;<\/li>\n<li>Funda\u00e7\u00e3o Nacional dos Povos Ind\u00edgenas (Funai) &#8211; Especialista em Indigenismo &#8211; Contabilidade: 12 vagas;<\/li>\n<li>Instituto Nacional de Coloniza\u00e7\u00e3o e Reforma Agr\u00e1ria (Incra) &#8211; Analista Administrativo &#8211; Qualquer \u00e1rea de conhecimento: 102 vagas;<\/li>\n<li>Instituto Nacional de Coloniza\u00e7\u00e3o e Reforma Agr\u00e1ria (Incra) &#8211;\u00a0Analista Administrativo &#8211; Contabilidade: 21 vagas;<\/li>\n<li>Instituto Nacional de Coloniza\u00e7\u00e3o e Reforma Agr\u00e1ria (Incra) &#8211;\u00a0Analista Administrativo &#8211; Comunica\u00e7\u00e3o Social: 8 vagas;<\/li>\n<li>Instituto Nacional de Coloniza\u00e7\u00e3o e Reforma Agr\u00e1ria (Incra) &#8211; Analista em Reforma e Desenvolvimento Agr\u00e1rio &#8211; Qualquer \u00e1rea de conhecimento: 238 vagas;<\/li>\n<li>Instituto Nacional de Estudos e Pesquisas Educacionais An\u00edsio Teixeira (Inep) &#8211; Pesquisador-Tecnologista em Informa\u00e7\u00f5es e Avalia\u00e7\u00f5es Educacionais &#8211; Qualquer \u00e1rea de conhecimento: 20 vagas;<\/li>\n<li>Minist\u00e9rio da Ci\u00eancia, Tecnologia e Inova\u00e7\u00e3o (MCTI) &#8211; Analista em Ci\u00eancia e Tecnologia &#8211; Qualquer \u00e1rea de conhecimento: 106 vagas;<\/li>\n<li>Minist\u00e9rio da Ci\u00eancia, Tecnologia e Inova\u00e7\u00e3o (MCTI) &#8211; Analista em Ci\u00eancia e Tecnologia &#8211; Biblioteconomia: 5 vagas;<\/li>\n<li>Minist\u00e9rio da Ci\u00eancia, Tecnologia e Inova\u00e7\u00e3o (MCTI) &#8211; Analista em Ci\u00eancia e Tecnologia &#8211; Arquivologia: 4 vagas;<\/li>\n<li>Minist\u00e9rio da Ci\u00eancia, Tecnologia e Inova\u00e7\u00e3o (MCTI) &#8211; Analista em Ci\u00eancia e Tecnologia &#8211; Contabilidade: 5 vagas;<\/li>\n<li>Minist\u00e9rio da Ci\u00eancia, Tecnologia e Inova\u00e7\u00e3o (MCTI) &#8211; Analista em Ci\u00eancia e Tecnologia &#8211; Comunica\u00e7\u00e3o Social: 15 vagas;<\/li>\n<li>Minist\u00e9rio da Ci\u00eancia, Tecnologia e Inova\u00e7\u00e3o (MCTI) &#8211; Analista em Ci\u00eancia e Tecnologia &#8211; Pol\u00edticas P\u00fablicas de Ci\u00eancia, Tecnologia e Inova\u00e7\u00e3o: 14 vagas;<\/li>\n<li>Minist\u00e9rio da Agricultura e Pecu\u00e1ria (Mapa) &#8211; Analista em Ci\u00eancia e Tecnologia &#8211; Qualquer \u00e1rea de conhecimento: 18 vagas;<\/li>\n<li>Minist\u00e9rio da Cultura (MinC) &#8211; Analista T\u00e9cnico-Administrativo &#8211; Qualquer \u00e1rea de conhecimento: 50 vagas;<\/li>\n<li>Minist\u00e9rio da Gest\u00e3o e da Inova\u00e7\u00e3o em Servi\u00e7os P\u00fablicos (MGI) &#8211; Analista T\u00e9cnico-Administrativo &#8211; Qualquer \u00e1rea de conhecimento: 182 vagas;<\/li>\n<li>Minist\u00e9rio da Gest\u00e3o e da Inova\u00e7\u00e3o em Servi\u00e7os P\u00fablicos (MGI) &#8211; Arquivista: 16 vagas;<\/li>\n<li>Minist\u00e9rio da Gest\u00e3o e da Inova\u00e7\u00e3o em Servi\u00e7os P\u00fablicos (MGI) &#8211; Bibliotec\u00e1rio: 4 vagas;<\/li>\n<li>Minist\u00e9rio da Gest\u00e3o e da Inova\u00e7\u00e3o em Servi\u00e7os P\u00fablicos (MGI) &#8211; Contador: 5 vagas;<\/li>\n<li>Minist\u00e9rio da Gest\u00e3o e da Inova\u00e7\u00e3o em Servi\u00e7os P\u00fablicos (MGI) &#8211; Especialistas em Pol\u00edticas P\u00fablicas e Gest\u00e3o Governamental (EPPGG) &#8211; Qualquer \u00e1rea de conhecimento: 80 vagas;<\/li>\n<li>Minist\u00e9rio da Gest\u00e3o e da Inova\u00e7\u00e3o em Servi\u00e7os P\u00fablicos (MGI) &#8211; T\u00e9cnico em Comunica\u00e7\u00e3o Social: 10 vagas;<\/li>\n<li>Minist\u00e9rio da Justi\u00e7a e Seguran\u00e7a P\u00fablica (MJSP) &#8211; Analista T\u00e9cnico Administrativo &#8211; Qualquer \u00e1rea de conhecimento: 100 vagas;<\/li>\n<li>Minist\u00e9rio da Sa\u00fade (MS) &#8211; Tecnologista &#8211; Administra\u00e7\u00e3o, Contabilidade, Economia ou Estat\u00edstica: 9 vagas;<\/li>\n<li>Minist\u00e9rio do Desenvolvimento, Ind\u00fastria, Com\u00e9rcio e Servi\u00e7os (MDIC) &#8211; Analista T\u00e9cnico-Administrativo &#8211; Qualquer \u00e1rea de conhecimento: 50 vagas;<\/li>\n<li>Minist\u00e9rio do Planejamento e Or\u00e7amento (MPO) &#8211; Analista T\u00e9cnico-Administrativo &#8211; Qualquer \u00e1rea de conhecimento: 45 vagas;<\/li>\n<li>Superintend\u00eancia Nacional de Previd\u00eancia Complementar (Previc) &#8211; Analista Administrativo &#8211; Qualquer \u00e1rea de conhecimento: 9 vagas.<\/li>\n<\/ul>\n<p><strong>Bloco 8: N\u00edvel Intermedi\u00e1rio: 692 vagas<\/strong><\/p>\n<ul>\n<li>Instituto Brasileiro de Geografia e Estat\u00edstica (IBGE) &#8211; T\u00e9cnico em Informa\u00e7\u00f5es Geogr\u00e1ficas e Estat\u00edsticas &#8211; N\u00edvel m\u00e9dio: 300 vagas;<\/li>\n<li>Funda\u00e7\u00e3o Nacional dos Povos Ind\u00edgenas (Funai) &#8211; T\u00e9cnico em Indigenismo &#8211; N\u00edvel m\u00e9dio: 152 vagas;<\/li>\n<li>Minist\u00e9rio da Agricultura e Pecu\u00e1ria (Mapa) &#8211; Agente de atividades agropecu\u00e1rias &#8211; Curso T\u00e9cnico Agr\u00edcola com registro Conselho de Classe: 100 vagas;<\/li>\n<li>Minist\u00e9rio da Agricultura e Pecu\u00e1ria (Mapa) &#8211; Agente de inspe\u00e7\u00e3o sanit\u00e1ria e industrial de produtos de origem animal &#8211; Curso T\u00e9cnico Agr\u00edcola com registro Conselho de Classe &#8211; 100 vagas;<\/li>\n<li>Minist\u00e9rio da Agricultura e Pecu\u00e1ria (Mapa) &#8211; T\u00e9cnico de laborat\u00f3rio &#8211; Curso T\u00e9cnico em Biotecnologia, An\u00e1lise Cl\u00ednicas, Metrologia, Qu\u00edmica,\u00a0Agroind\u00fastria, Alimentos, Farm\u00e1cia, Viticultura e Enologia, com registro em Conselho de Classe: 40 vagas.<\/li>\n<\/ul>\n<h3>Como o Enem dos Concursos funciona?<\/h3>\n<p>O CNU permite aos candidatos a disputa por mais de uma vaga de <strong>um mesmo bloco. <\/strong>Lembrando que cada candidato pode apenas se inscrever e concurso em um bloco!<br \/>\nConfira os blocos que j\u00e1 est\u00e3o confirmados para o Concurso Nacional Unificado:<\/p>\n<ul>\n<li>Administra\u00e7\u00e3o e Finan\u00e7as P\u00fablicas;<\/li>\n<li>Setores Econ\u00f4mico, Infraestrutura e Regula\u00e7\u00e3o;<\/li>\n<li>Agricultura, Meio Ambiente e Desenvolvimento Agr\u00e1rio;<\/li>\n<li>Educa\u00e7\u00e3o Ci\u00eancia, Tecnologia e Inova\u00e7\u00e3o;<\/li>\n<li>Pol\u00edticas Sociais; Justi\u00e7a e Sa\u00fade;<\/li>\n<li>Trabalho e Previd\u00eancia;<\/li>\n<li>Dados, Tecnologia e Informa\u00e7\u00e3o P\u00fablica; e<\/li>\n<li>N\u00edvel intermedi\u00e1rio (n\u00edvel m\u00e9dio).<\/li>\n<\/ul>\n<h2 id=\"como-fazer-a-inscri\u00e7\u00e3o-no-concurso-unificado\">Como fazer a inscri\u00e7\u00e3o no Concurso Unificado:<\/h2>\n<p>As inscri\u00e7\u00f5es ficar\u00e3o abertas\u00a0<strong>de 19 de janeiro a 9 de fevereiro<\/strong>, pela\u00a0<a href=\"https:\/\/www.gov.br\/gestao\/pt-br\/concursonacional\/\" target=\"_blank\" rel=\"noopener noreferrer\">p\u00e1gina do Concurso P\u00fablico Nacional Unificado.<\/a><\/p>\n<p>A inscri\u00e7\u00e3o ser\u00e1 feita pela conta do\u00a0<a href=\"https:\/\/www.gov.br\/pt-br\" target=\"_blank\" rel=\"noopener noreferrer\">GOV.BR<\/a>\u00a0em qualquer n\u00edvel (ouro, prata e bronze). A taxa ser\u00e1 de R$60 para cargos de n\u00edvel m\u00e9dio e R$90 para cargos de n\u00edvel superior.<\/p>\n<p>Ser\u00e1 permitida a inscri\u00e7\u00e3o para\u00a0<strong>apenas um dos blocos tem\u00e1ticos.<\/strong><\/p>\n<p>Primeiro, o candidato dever\u00e1 escolher o bloco e, em seguida, fazer um\u00a0<strong>ranking de prefer\u00eancia<\/strong>. Isto \u00e9, elencar as carreiras que deseja concorrer por ordem de prioridade, desde que tenha os requisitos necess\u00e1rios.<\/p>\n<p>Veja como funcionar\u00e1 o ranking de prefer\u00eancia:<\/p>\n<ul>\n<li>escolher o bloco tem\u00e1tico;<\/li>\n<li>escolher os cargos;<\/li>\n<li>ordenar prefer\u00eancia entre os cargos;<\/li>\n<li>ordenar prefer\u00eancia das especialidades.<\/li>\n<\/ul>\n<h3>Cronograma do Concurso Nacional Unificado<\/h3>\n<ul>\n<li>10 de janeiro de 2024 \u2013 publica\u00e7\u00e3o do edital;<\/li>\n<li><strong>19 de janeiro a 9 de fevereiro de 2024 \u2013 inscri\u00e7\u00f5es;<\/strong><\/li>\n<li>29 de fevereiro de 2024 \u2013 divulga\u00e7\u00e3o dos dados finais de inscri\u00e7\u00f5es;<\/li>\n<li>29 de abril de 2024 \u2013 divulga\u00e7\u00e3o dos cart\u00f5es de confirma\u00e7\u00e3o;<\/li>\n<li><strong>5 de maio de 2024 \u2013 aplica\u00e7\u00e3o das provas;<\/strong><\/li>\n<li>3 de junho de 2024 \u2013 divulga\u00e7\u00e3o dos resultados; das provas objetivas e preliminares das provas discursivas e de reda\u00e7\u00e3o;<\/li>\n<li>30 de julho de 2024 \u2013 divulga\u00e7\u00e3o final dos resultados; e<\/li>\n<li>5 de agosto de 2024 \u2013 in\u00edcio da convoca\u00e7\u00e3o para posse e cursos de forma\u00e7\u00e3o.<\/li>\n<\/ul>\n<h3>Como ser\u00e3o as provas do CNU?<\/h3>\n<p>As provas ser\u00e3o separadas em 4 fases + a avalia\u00e7\u00e3o de t\u00edtulos para alguns cargos. Ser\u00e1 eliminado o candidato que receber nota zero na prova discursiva ou inferior a 40% da pontua\u00e7\u00e3o nas provas objetivas de conhecimentos gerais e conhecimentos espec\u00edficos.<\/p>\n<ul>\n<li>1\u00aa fase: provas objetivas e discursivas;<\/li>\n<li>2\u00aa fase: per\u00edcia m\u00e9dica (avalia\u00e7\u00e3o biopsicossocial);<\/li>\n<li>3\u00aa fase: procedimento de verifica\u00e7\u00e3o da condi\u00e7\u00e3o declarada: reserva de vagas para pessoas negras;<\/li>\n<li>4\u00aa fase: procedimento de verifica\u00e7\u00e3o documental complementar: reserva de vagas a ind\u00edgenas.<\/li>\n<\/ul>\n<p><strong>Turno da manh\u00e3 (2h30 de prova):<\/strong><\/p>\n<ul>\n<li>Para cargos de\u00a0<strong>n\u00edvel m\u00e9dio<\/strong>: provas objetivas (20 quest\u00f5es) + reda\u00e7\u00e3o;<\/li>\n<li>Para cargos de<strong>\u00a0n\u00edvel superior<\/strong>: provas objetivas de Conhecimentos Gerais (20 quest\u00f5es) + prova discursiva de Conhecimento Espec\u00edfico do bloco.<\/li>\n<\/ul>\n<p><strong>Turno da tarde (3h30 de prova):<\/strong><\/p>\n<ul>\n<li>Para cargos de\u00a0<strong>n\u00edvel m\u00e9dio<\/strong>: provas objetivas (40 quest\u00f5es);<\/li>\n<li>Para cargos de\u00a0<strong>n\u00edvel superior<\/strong>: provas objetivas de Conhecimentos Espec\u00edficos (50 quest\u00f5es).<\/li>\n<\/ul>\n<h4>Disciplinas por bloco tem\u00e1tico do CNU:<\/h4>\n<h5 id=\"bloco-1-infraestrutura-exatas-e-engenharias\">Bloco 1 Infraestrutura, Exatas e Engenharias:<\/h5>\n<p><strong>Conhecimentos Gerais:<\/strong><\/p>\n<ul>\n<li>Pol\u00edticas P\u00fablicas.<\/li>\n<\/ul>\n<p><strong>Conhecimentos Espec\u00edficos:<\/strong><\/p>\n<ul>\n<li>Eixo tem\u00e1tico 1 &#8211; Gest\u00e3o Governamental e Governan\u00e7a P\u00fablica;<\/li>\n<li>Eixo tem\u00e1tico 2 &#8211; Pol\u00edticas P\u00fablicas;<\/li>\n<li>Eixo tem\u00e1tico 3 &#8211; Gest\u00e3o Ambiental e Tecnol\u00f3gica, Sustentabilidade e Energia;<\/li>\n<li>Eixo tem\u00e1tico 4 &#8211; Planejamento e Gest\u00e3o de Obras, Pol\u00edticas P\u00fablicas de Infraestrutura e Acessibilidade.<\/li>\n<\/ul>\n<h5 id=\"bloco-2-tecnologia-dados-e-informa\u00e7\u00e3o\">Bloco 2 Tecnologia, Dados, e Informa\u00e7\u00e3o:<\/h5>\n<p><strong>Conhecimentos Gerais:<\/strong><\/p>\n<ul>\n<li>Pol\u00edticas P\u00fablicas.<\/li>\n<\/ul>\n<p><strong>Conhecimentos Espec\u00edficos:<\/strong><\/p>\n<ul>\n<li>Eixo tem\u00e1tico 1 &#8211; Gest\u00e3o Governamental e Governan\u00e7a P\u00fablica;<\/li>\n<li>Eixo tem\u00e1tico 2 &#8211; Pol\u00edticas P\u00fablicas;<\/li>\n<li>Eixo tem\u00e1tico 3 &#8211; Ger\u00eancia e Suporte de Tecnologia da Informa\u00e7\u00e3o;<\/li>\n<li>Eixo tem\u00e1tico 4 &#8211; Desenvolvimento de Software;<\/li>\n<li>Eixo tem\u00e1tico 5 &#8211; Apoio \u00e0 Decis\u00e3o, Intelig\u00eancia Artificial e M\u00e9todos Quantitativos.<\/li>\n<\/ul>\n<h5 id=\"bloco-3-ambiental-agr\u00e1rio-e-biol\u00f3gicas\">Bloco 3 Ambiental, Agr\u00e1rio e Biol\u00f3gicas<\/h5>\n<p><strong>Conhecimentos Gerais:<\/strong><\/p>\n<ul>\n<li>Pol\u00edticas P\u00fablicas.<\/li>\n<\/ul>\n<p><strong>Conhecimentos Espec\u00edficos:<\/strong><\/p>\n<ul>\n<li>Eixo tem\u00e1tico 1 &#8211; Gest\u00e3o Governamental e Governan\u00e7a P\u00fablica;<\/li>\n<li>Eixo tem\u00e1tico 2 &#8211; Pol\u00edticas P\u00fablicas;<\/li>\n<li>Eixo tem\u00e1tico 3 -Caracteriza\u00e7\u00e3o da Paisagem no Meio Rural;<\/li>\n<li>Eixo tem\u00e1tico 4 &#8211; Pr\u00e1ticas de Produ\u00e7\u00e3o Agropecu\u00e1ria no Meio Rural;<\/li>\n<li>Eixo tem\u00e1tico 5 &#8211; Desenvolvimento Sustent\u00e1vel no Meio Rural.<\/li>\n<\/ul>\n<h5 id=\"bloco-4-trabalho-e-sa\u00fade-do-servidor\">Bloco 4 Trabalho e Sa\u00fade do Servidor<\/h5>\n<p><strong>Conhecimentos Gerais:<\/strong><\/p>\n<ul>\n<li>Pol\u00edticas P\u00fablicas.<\/li>\n<\/ul>\n<p><strong>Conhecimentos Espec\u00edficos:<\/strong><\/p>\n<ul>\n<li>Eixo tem\u00e1tico 1 &#8211; Gest\u00e3o Governamental e Governan\u00e7a P\u00fablica;<\/li>\n<li>Eixo tem\u00e1tico 2 &#8211; Pol\u00edticas P\u00fablicas;<\/li>\n<li>Eixo tem\u00e1tico 3 &#8211; Sociologia e Psicologia aplicadas ao trabalho;<\/li>\n<li>Eixo tem\u00e1tico 4 &#8211; Seguran\u00e7a e Sa\u00fade do Trabalhador e Trabalhadora;<\/li>\n<li>Eixo tem\u00e1tico 5 &#8211; Direito do Trabalho.<\/li>\n<\/ul>\n<h5 id=\"bloco-5-educa\u00e7\u00e3o-sa\u00fade-desenvolvimento-social-e-direitos-humanos\">Bloco 5 Educa\u00e7\u00e3o, Sa\u00fade, Desenvolvimento Social e Direitos Humanos<\/h5>\n<p><strong>Conhecimentos Gerais:<\/strong><\/p>\n<ul>\n<li>Pol\u00edticas P\u00fablicas.<\/li>\n<\/ul>\n<p><strong>Conhecimentos Espec\u00edficos:<\/strong><\/p>\n<ul>\n<li>Eixo tem\u00e1tico 1 &#8211; Gest\u00e3o Governamental e Governan\u00e7a P\u00fablica;<\/li>\n<li>Eixo tem\u00e1tico 2 &#8211; Pol\u00edticas P\u00fablicas: Educa\u00e7\u00e3o, Ci\u00eancia e Tecnologia e Justi\u00e7a;<\/li>\n<li>Eixo tem\u00e1tico 3 &#8211; Pol\u00edticas P\u00fablicas: Sa\u00fade e Desenvolvimento Social;<\/li>\n<li>Eixo tem\u00e1tico 4 &#8211; Direitos Humanos, Direitos dos Povos Origin\u00e1rios e das Popula\u00e7\u00f5es Tradicionais;<\/li>\n<li>Eixo tem\u00e1tico 5 &#8211; Pesquisa e Avalia\u00e7\u00e3o.<\/li>\n<\/ul>\n<h5 id=\"bloco-6-setores-econ\u00f4micos-e-regula\u00e7\u00e3o\">Bloco 6 Setores Econ\u00f4micos e Regula\u00e7\u00e3o<\/h5>\n<p><strong>Conhecimentos Gerais:<\/strong><\/p>\n<ul>\n<li>Pol\u00edticas P\u00fablicas.<\/li>\n<\/ul>\n<p><strong>Conhecimentos Espec\u00edficos:<\/strong><\/p>\n<ul>\n<li>Eixo tem\u00e1tico 1 &#8211; Gest\u00e3o Governamental e Governan\u00e7a P\u00fablica;<\/li>\n<li>Eixo tem\u00e1tico 2 &#8211; Pol\u00edticas P\u00fablicas e An\u00e1lise de Dados;<\/li>\n<li>Eixo tem\u00e1tico 3 &#8211; Economia, Economia Solid\u00e1ria e Contexto Internacional;<\/li>\n<li>Eixo tem\u00e1tico 4 &#8211; Or\u00e7amento P\u00fablico, Contabilidade e Regula\u00e7\u00e3o;<\/li>\n<li>Eixo tem\u00e1tico 5 &#8211; Ingl\u00eas.<\/li>\n<\/ul>\n<h5 id=\"bloco-7-gest\u00e3o-governamental-e-administra\u00e7\u00e3o-p\u00fablica\">Bloco 7 Gest\u00e3o Governamental e Administra\u00e7\u00e3o P\u00fablica<\/h5>\n<p><strong>Conhecimentos Gerais:<\/strong><\/p>\n<ul>\n<li>Pol\u00edticas P\u00fablicas.<\/li>\n<\/ul>\n<p><strong>Conhecimentos Espec\u00edficos:<\/strong><\/p>\n<ul>\n<li>Eixo tem\u00e1tico 1 &#8211; Gest\u00e3o Governamental e Governan\u00e7a P\u00fablica: Estrat\u00e9gia, Pessoas, Projetos e Processos;<\/li>\n<li>Eixo tem\u00e1tico 2 &#8211; Gest\u00e3o Governamental e Governan\u00e7a P\u00fablica: Riscos, Inova\u00e7\u00e3o, Participa\u00e7\u00e3o, Log\u00edstica e Patrim\u00f4nio;<\/li>\n<li>Eixo tem\u00e1tico 3 &#8211; Pol\u00edticas P\u00fablicas e No\u00e7\u00f5es de Estat\u00edstica;<\/li>\n<li>Eixo tem\u00e1tico 4 &#8211; Administra\u00e7\u00e3o Financeira e Or\u00e7ament\u00e1ria, Contabilidade P\u00fablica e Compras na Administra\u00e7\u00e3o P\u00fablica.<\/li>\n<li>Eixo tem\u00e1tico 5 &#8211; Comunica\u00e7\u00e3o, Gest\u00e3o Documental, Transpar\u00eancia e Prote\u00e7\u00e3o de Dados.<\/li>\n<\/ul>\n<h5 id=\"bloco-8-n\u00edvel-intermedi\u00e1rio\">Bloco 8 N\u00edvel Intermedi\u00e1rio<\/h5>\n<ul>\n<li>L\u00edngua Portuguesa;<\/li>\n<li>No\u00e7\u00f5es de Direito;<\/li>\n<li>Matem\u00e1tica;<\/li>\n<li>Realidade Brasileira.<\/li>\n<\/ul>\n<p>Os eixos tem\u00e1ticos ter\u00e3o pesos diferentes a depender da carreira pretendida.<\/p>\n<h3><strong>Quer se preparar para a prova?<\/strong><\/h3>\n<p>Entre em contato com nossas consultoras e comece sua prepara\u00e7\u00e3o imediatamente!<\/p>\n<p><a href=\"https:\/\/api.whatsapp.com\/send?phone=5512996504674&amp;text=Ol%C3%A1%2C%20tenho%20interesse%20no%20*curso%20preparat%C3%B3rio%20Receita%20Federal*!\"><b>(12) 99650-4674<\/b><\/a><\/p>\n<p><b>3909-5800<\/b><\/p>\n<p>G1, Folha Dirigida<\/p>\n<!-- AddThis Advanced Settings generic via filter on the_content --><!-- AddThis Share Buttons generic via filter on the_content -->","protected":false},"excerpt":{"rendered":"<p>Confira a lista de concursos que foram afetados no Brasil.<!-- AddThis Advanced Settings generic via filter on get_the_excerpt --><!-- AddThis Share Buttons generic via filter on get_the_excerpt --><\/p>\n","protected":false},"author":40,"featured_media":8989,"comment_status":"closed","ping_status":"closed","sticky":false,"template":"","format":"standard","meta":{"site-sidebar-layout":"default","site-content-layout":"default","ast-main-header-display":"","ast-hfb-above-header-display":"","ast-hfb-below-header-display":"","ast-hfb-mobile-header-display":"","site-post-title":"","ast-breadcrumbs-content":"","ast-featured-img":"","footer-sml-layout":"disabled","theme-transparent-header-meta":"","adv-header-id-meta":"","stick-header-meta":"","header-above-stick-meta":"","header-main-stick-meta":"","header-below-stick-meta":"","footnotes":""},"categories":[2],"tags":[54,86,141,388,389],"class_list":["post-8988","post","type-post","status-publish","format-standard","has-post-thumbnail","hentry","category-concursos","tag-concurso","tag-concurso-federal","tag-concurso-publico","tag-unicursos","tag-unicursos-na-midia"],"yoast_head":"<!-- This site is optimized with the Yoast SEO plugin v18.1 - https:\/\/yoast.com\/wordpress\/plugins\/seo\/ -->\n<title>Concurso Nacional Unificado: 8 editais publicados com 6.640 vagas +CR - Blog Unicursos<\/title>\n<meta name=\"description\" content=\"O muito falado CNU teve seus 8 editais publicados ontem, dia 10\/01, com 6.640 vagas para cargos de n\u00edvel m\u00e9dio e superior. Saiba mais\" \/>\n<meta name=\"robots\" content=\"index, follow, max-snippet:-1, max-image-preview:large, max-video-preview:-1\" \/>\n<link rel=\"canonical\" href=\"https:\/\/unicursos.com.br\/blog\/concurso-nacional-unificado-editais-publicados\/\" \/>\n<meta property=\"og:locale\" content=\"pt_BR\" \/>\n<meta property=\"og:type\" content=\"article\" \/>\n<meta property=\"og:title\" content=\"Concurso Nacional Unificado: 8 editais publicados com 6.640 vagas +CR - Blog Unicursos\" \/>\n<meta property=\"og:description\" content=\"O muito falado CNU teve seus 8 editais publicados ontem, dia 10\/01, com 6.640 vagas para cargos de n\u00edvel m\u00e9dio e superior. Saiba mais\" \/>\n<meta property=\"og:url\" content=\"https:\/\/unicursos.com.br\/blog\/concurso-nacional-unificado-editais-publicados\/\" \/>\n<meta property=\"og:site_name\" content=\"Blog Unicursos\" \/>\n<meta property=\"article:published_time\" content=\"2024-01-11T12:55:17+00:00\" \/>\n<meta property=\"article:modified_time\" content=\"2024-01-11T12:55:52+00:00\" \/>\n<meta property=\"og:image\" content=\"https:\/\/unicursos.com.br\/blog\/wp-content\/uploads\/2024\/01\/Editais-Concurso-Nacional-Unficado-CNU.png\" \/>\n\t<meta property=\"og:image:width\" content=\"1110\" \/>\n\t<meta property=\"og:image:height\" content=\"550\" \/>\n\t<meta property=\"og:image:type\" content=\"image\/png\" \/>\n<meta name=\"twitter:card\" content=\"summary_large_image\" \/>\n<meta name=\"twitter:label1\" content=\"Escrito por\" \/>\n\t<meta name=\"twitter:data1\" content=\"Giovanna Panziera\" \/>\n\t<meta name=\"twitter:label2\" content=\"Est. tempo de leitura\" \/>\n\t<meta name=\"twitter:data2\" content=\"2 minutos\" \/>\n<script type=\"application\/ld+json\" class=\"yoast-schema-graph\">{\"@context\":\"https:\/\/schema.org\",\"@graph\":[{\"@type\":\"WebSite\",\"@id\":\"https:\/\/unicursos.com.br\/blog\/#website\",\"url\":\"https:\/\/unicursos.com.br\/blog\/\",\"name\":\"Blog Unicursos\",\"description\":\"S\u00f3 mais um site WordPress\",\"potentialAction\":[{\"@type\":\"SearchAction\",\"target\":{\"@type\":\"EntryPoint\",\"urlTemplate\":\"https:\/\/unicursos.com.br\/blog\/?s={search_term_string}\"},\"query-input\":\"required name=search_term_string\"}],\"inLanguage\":\"pt-BR\"},{\"@type\":\"ImageObject\",\"@id\":\"https:\/\/unicursos.com.br\/blog\/concurso-nacional-unificado-editais-publicados\/#primaryimage\",\"inLanguage\":\"pt-BR\",\"url\":\"https:\/\/unicursos.com.br\/blog\/wp-content\/uploads\/2024\/01\/Editais-Concurso-Nacional-Unficado-CNU.png\",\"contentUrl\":\"https:\/\/unicursos.com.br\/blog\/wp-content\/uploads\/2024\/01\/Editais-Concurso-Nacional-Unficado-CNU.png\",\"width\":1110,\"height\":550},{\"@type\":\"WebPage\",\"@id\":\"https:\/\/unicursos.com.br\/blog\/concurso-nacional-unificado-editais-publicados\/#webpage\",\"url\":\"https:\/\/unicursos.com.br\/blog\/concurso-nacional-unificado-editais-publicados\/\",\"name\":\"Concurso Nacional Unificado: 8 editais publicados com 6.640 vagas +CR - Blog Unicursos\",\"isPartOf\":{\"@id\":\"https:\/\/unicursos.com.br\/blog\/#website\"},\"primaryImageOfPage\":{\"@id\":\"https:\/\/unicursos.com.br\/blog\/concurso-nacional-unificado-editais-publicados\/#primaryimage\"},\"datePublished\":\"2024-01-11T12:55:17+00:00\",\"dateModified\":\"2024-01-11T12:55:52+00:00\",\"author\":{\"@id\":\"https:\/\/unicursos.com.br\/blog\/#\/schema\/person\/6ba7607de60d4c6ed771490b3156da64\"},\"description\":\"O muito falado CNU teve seus 8 editais publicados ontem, dia 10\/01, com 6.640 vagas para cargos de n\u00edvel m\u00e9dio e superior. Saiba mais\",\"breadcrumb\":{\"@id\":\"https:\/\/unicursos.com.br\/blog\/concurso-nacional-unificado-editais-publicados\/#breadcrumb\"},\"inLanguage\":\"pt-BR\",\"potentialAction\":[{\"@type\":\"ReadAction\",\"target\":[\"https:\/\/unicursos.com.br\/blog\/concurso-nacional-unificado-editais-publicados\/\"]}]},{\"@type\":\"BreadcrumbList\",\"@id\":\"https:\/\/unicursos.com.br\/blog\/concurso-nacional-unificado-editais-publicados\/#breadcrumb\",\"itemListElement\":[{\"@type\":\"ListItem\",\"position\":1,\"name\":\"In\u00edcio\",\"item\":\"https:\/\/unicursos.com.br\/blog\/\"},{\"@type\":\"ListItem\",\"position\":2,\"name\":\"Concurso Nacional Unificado: 8 editais publicados com 6.640 vagas +CR\"}]},{\"@type\":\"Person\",\"@id\":\"https:\/\/unicursos.com.br\/blog\/#\/schema\/person\/6ba7607de60d4c6ed771490b3156da64\",\"name\":\"Giovanna Panziera\",\"image\":{\"@type\":\"ImageObject\",\"@id\":\"https:\/\/unicursos.com.br\/blog\/#personlogo\",\"inLanguage\":\"pt-BR\",\"url\":\"https:\/\/secure.gravatar.com\/avatar\/5cb6f531d43bfe59b03c9f038aed276c40ad920ccea77cba97512e9c2086af14?s=96&d=mm&r=g\",\"contentUrl\":\"https:\/\/secure.gravatar.com\/avatar\/5cb6f531d43bfe59b03c9f038aed276c40ad920ccea77cba97512e9c2086af14?s=96&d=mm&r=g\",\"caption\":\"Giovanna Panziera\"},\"url\":\"https:\/\/unicursos.com.br\/blog\/author\/giovanna-panziera\/\"}]}<\/script>\n<!-- \/ Yoast SEO plugin. -->","yoast_head_json":{"title":"Concurso Nacional Unificado: 8 editais publicados com 6.640 vagas +CR - Blog Unicursos","description":"O muito falado CNU teve seus 8 editais publicados ontem, dia 10\/01, com 6.640 vagas para cargos de n\u00edvel m\u00e9dio e superior. Saiba mais","robots":{"index":"index","follow":"follow","max-snippet":"max-snippet:-1","max-image-preview":"max-image-preview:large","max-video-preview":"max-video-preview:-1"},"canonical":"https:\/\/unicursos.com.br\/blog\/concurso-nacional-unificado-editais-publicados\/","og_locale":"pt_BR","og_type":"article","og_title":"Concurso Nacional Unificado: 8 editais publicados com 6.640 vagas +CR - Blog Unicursos","og_description":"O muito falado CNU teve seus 8 editais publicados ontem, dia 10\/01, com 6.640 vagas para cargos de n\u00edvel m\u00e9dio e superior. Saiba mais","og_url":"https:\/\/unicursos.com.br\/blog\/concurso-nacional-unificado-editais-publicados\/","og_site_name":"Blog Unicursos","article_published_time":"2024-01-11T12:55:17+00:00","article_modified_time":"2024-01-11T12:55:52+00:00","og_image":[{"width":1110,"height":550,"url":"https:\/\/unicursos.com.br\/blog\/wp-content\/uploads\/2024\/01\/Editais-Concurso-Nacional-Unficado-CNU.png","type":"image\/png"}],"twitter_card":"summary_large_image","twitter_misc":{"Escrito por":"Giovanna Panziera","Est. tempo de leitura":"2 minutos"},"schema":{"@context":"https:\/\/schema.org","@graph":[{"@type":"WebSite","@id":"https:\/\/unicursos.com.br\/blog\/#website","url":"https:\/\/unicursos.com.br\/blog\/","name":"Blog Unicursos","description":"S\u00f3 mais um site WordPress","potentialAction":[{"@type":"SearchAction","target":{"@type":"EntryPoint","urlTemplate":"https:\/\/unicursos.com.br\/blog\/?s={search_term_string}"},"query-input":"required name=search_term_string"}],"inLanguage":"pt-BR"},{"@type":"ImageObject","@id":"https:\/\/unicursos.com.br\/blog\/concurso-nacional-unificado-editais-publicados\/#primaryimage","inLanguage":"pt-BR","url":"https:\/\/unicursos.com.br\/blog\/wp-content\/uploads\/2024\/01\/Editais-Concurso-Nacional-Unficado-CNU.png","contentUrl":"https:\/\/unicursos.com.br\/blog\/wp-content\/uploads\/2024\/01\/Editais-Concurso-Nacional-Unficado-CNU.png","width":1110,"height":550},{"@type":"WebPage","@id":"https:\/\/unicursos.com.br\/blog\/concurso-nacional-unificado-editais-publicados\/#webpage","url":"https:\/\/unicursos.com.br\/blog\/concurso-nacional-unificado-editais-publicados\/","name":"Concurso Nacional Unificado: 8 editais publicados com 6.640 vagas +CR - Blog Unicursos","isPartOf":{"@id":"https:\/\/unicursos.com.br\/blog\/#website"},"primaryImageOfPage":{"@id":"https:\/\/unicursos.com.br\/blog\/concurso-nacional-unificado-editais-publicados\/#primaryimage"},"datePublished":"2024-01-11T12:55:17+00:00","dateModified":"2024-01-11T12:55:52+00:00","author":{"@id":"https:\/\/unicursos.com.br\/blog\/#\/schema\/person\/6ba7607de60d4c6ed771490b3156da64"},"description":"O muito falado CNU teve seus 8 editais publicados ontem, dia 10\/01, com 6.640 vagas para cargos de n\u00edvel m\u00e9dio e superior. Saiba mais","breadcrumb":{"@id":"https:\/\/unicursos.com.br\/blog\/concurso-nacional-unificado-editais-publicados\/#breadcrumb"},"inLanguage":"pt-BR","potentialAction":[{"@type":"ReadAction","target":["https:\/\/unicursos.com.br\/blog\/concurso-nacional-unificado-editais-publicados\/"]}]},{"@type":"BreadcrumbList","@id":"https:\/\/unicursos.com.br\/blog\/concurso-nacional-unificado-editais-publicados\/#breadcrumb","itemListElement":[{"@type":"ListItem","position":1,"name":"In\u00edcio","item":"https:\/\/unicursos.com.br\/blog\/"},{"@type":"ListItem","position":2,"name":"Concurso Nacional Unificado: 8 editais publicados com 6.640 vagas +CR"}]},{"@type":"Person","@id":"https:\/\/unicursos.com.br\/blog\/#\/schema\/person\/6ba7607de60d4c6ed771490b3156da64","name":"Giovanna Panziera","image":{"@type":"ImageObject","@id":"https:\/\/unicursos.com.br\/blog\/#personlogo","inLanguage":"pt-BR","url":"https:\/\/secure.gravatar.com\/avatar\/5cb6f531d43bfe59b03c9f038aed276c40ad920ccea77cba97512e9c2086af14?s=96&d=mm&r=g","contentUrl":"https:\/\/secure.gravatar.com\/avatar\/5cb6f531d43bfe59b03c9f038aed276c40ad920ccea77cba97512e9c2086af14?s=96&d=mm&r=g","caption":"Giovanna Panziera"},"url":"https:\/\/unicursos.com.br\/blog\/author\/giovanna-panziera\/"}]}},"_links":{"self":[{"href":"https:\/\/unicursos.com.br\/blog\/wp-json\/wp\/v2\/posts\/8988","targetHints":{"allow":["GET"]}}],"collection":[{"href":"https:\/\/unicursos.com.br\/blog\/wp-json\/wp\/v2\/posts"}],"about":[{"href":"https:\/\/unicursos.com.br\/blog\/wp-json\/wp\/v2\/types\/post"}],"author":[{"embeddable":true,"href":"https:\/\/unicursos.com.br\/blog\/wp-json\/wp\/v2\/users\/40"}],"replies":[{"embeddable":true,"href":"https:\/\/unicursos.com.br\/blog\/wp-json\/wp\/v2\/comments?post=8988"}],"version-history":[{"count":2,"href":"https:\/\/unicursos.com.br\/blog\/wp-json\/wp\/v2\/posts\/8988\/revisions"}],"predecessor-version":[{"id":8991,"href":"https:\/\/unicursos.com.br\/blog\/wp-json\/wp\/v2\/posts\/8988\/revisions\/8991"}],"wp:featuredmedia":[{"embeddable":true,"href":"https:\/\/unicursos.com.br\/blog\/wp-json\/wp\/v2\/media\/8989"}],"wp:attachment":[{"href":"https:\/\/unicursos.com.br\/blog\/wp-json\/wp\/v2\/media?parent=8988"}],"wp:term":[{"taxonomy":"category","embeddable":true,"href":"https:\/\/unicursos.com.br\/blog\/wp-json\/wp\/v2\/categories?post=8988"},{"taxonomy":"post_tag","embeddable":true,"href":"https:\/\/unicursos.com.br\/blog\/wp-json\/wp\/v2\/tags?post=8988"}],"curies":[{"name":"wp","href":"https:\/\/api.w.org\/{rel}","templated":true}]}}