{"id":9475,"date":"2025-06-24T19:29:24","date_gmt":"2025-06-24T22:29:24","guid":{"rendered":"https:\/\/unicursos.com.br\/blog\/?p=9475"},"modified":"2025-06-24T19:29:24","modified_gmt":"2025-06-24T22:29:24","slug":"eear-divulga-edital-com-206-vagas-para-curso-de-formacao-de-sargentos","status":"publish","type":"post","link":"https:\/\/unicursos.com.br\/blog\/eear-divulga-edital-com-206-vagas-para-curso-de-formacao-de-sargentos\/","title":{"rendered":"EEAR divulga edital com 206 vagas para Curso de Forma\u00e7\u00e3o de Sargentos!"},"content":{"rendered":"<h2 data-pm-slice=\"1 1 []\">Foi publicado o edital do <strong data-start=\"265\" data-end=\"294\">Concurso Aeron\u00e1utica 2026<\/strong>, com <strong data-start=\"300\" data-end=\"313\">206 vagas<\/strong> para o <strong data-start=\"321\" data-end=\"361\">Curso de Forma\u00e7\u00e3o de Sargentos (CFS)<\/strong> da <strong data-start=\"365\" data-end=\"414\">Escola de Especialistas da Aeron\u00e1utica (EEAR)<\/strong>. A forma\u00e7\u00e3o ser\u00e1 iniciada no segundo semestre de 2026 e representa uma grande oportunidade para quem deseja seguir carreira militar de n\u00edvel m\u00e9dio, confira!<\/h2>\n<h3 data-start=\"564\" data-end=\"616\"><\/h3>\n<p data-start=\"618\" data-end=\"819\">O concurso \u00e9 aberto a <strong data-start=\"640\" data-end=\"661\">homens e mulheres<\/strong> com <strong data-start=\"666\" data-end=\"691\">ensino m\u00e9dio completo<\/strong>. Os candidatos devem ter no m\u00ednimo <strong data-start=\"727\" data-end=\"738\">17 anos<\/strong> e no m\u00e1ximo <strong data-start=\"751\" data-end=\"789\">24 anos at\u00e9 31 de dezembro de 2026<\/strong>. Al\u00e9m disso, n\u00e3o \u00e9 permitido:<\/p>\n<ul data-start=\"821\" data-end=\"889\">\n<li data-start=\"821\" data-end=\"849\">\n<p data-start=\"823\" data-end=\"849\">Ter filhos ou dependentes;<\/p>\n<\/li>\n<li data-start=\"850\" data-end=\"889\">\n<p data-start=\"852\" data-end=\"889\">Ser casado ou viver em uni\u00e3o est\u00e1vel.<\/p>\n<\/li>\n<\/ul>\n<h3 data-start=\"891\" data-end=\"937\">Distribui\u00e7\u00e3o das vagas no Concurso da EEAR<\/h3>\n<p data-start=\"939\" data-end=\"1007\">As 206 vagas est\u00e3o divididas entre diversas especialidades, confira:<\/p>\n<ul data-start=\"1009\" data-end=\"1495\">\n<li data-start=\"1009\" data-end=\"1045\">\n<p data-start=\"1011\" data-end=\"1045\"><strong data-start=\"1011\" data-end=\"1033\">Comunica\u00e7\u00f5es (BCO)<\/strong>: 20 vagas<\/p>\n<\/li>\n<li data-start=\"1046\" data-end=\"1097\">\n<p data-start=\"1048\" data-end=\"1097\"><strong data-start=\"1048\" data-end=\"1085\">Eletricidade e Instrumentos (BEI)<\/strong>: 22 vagas<\/p>\n<\/li>\n<li data-start=\"1098\" data-end=\"1140\">\n<p data-start=\"1100\" data-end=\"1140\"><strong data-start=\"1100\" data-end=\"1129\">Estrutura e Pintura (BEP)<\/strong>: 5 vagas<\/p>\n<\/li>\n<li data-start=\"1141\" data-end=\"1180\">\n<p data-start=\"1143\" data-end=\"1180\"><strong data-start=\"1143\" data-end=\"1169\">Fotointelig\u00eancia (BFT)<\/strong>: 5 vagas<\/p>\n<\/li>\n<li data-start=\"1181\" data-end=\"1226\">\n<p data-start=\"1183\" data-end=\"1226\"><strong data-start=\"1183\" data-end=\"1214\">Mec\u00e2nica de Aeronaves (BMA)<\/strong>: 35 vagas<\/p>\n<\/li>\n<li data-start=\"1227\" data-end=\"1263\">\n<p data-start=\"1229\" data-end=\"1263\"><strong data-start=\"1229\" data-end=\"1251\">Meteorologia (BMT)<\/strong>: 10 vagas<\/p>\n<\/li>\n<li data-start=\"1264\" data-end=\"1298\">\n<p data-start=\"1266\" data-end=\"1298\"><strong data-start=\"1266\" data-end=\"1286\">Suprimento (BSP)<\/strong>: 24 vagas<\/p>\n<\/li>\n<li data-start=\"1299\" data-end=\"1329\">\n<p data-start=\"1301\" data-end=\"1329\"><strong data-start=\"1301\" data-end=\"1318\">Desenho (SDE)<\/strong>: 3 vagas<\/p>\n<\/li>\n<li data-start=\"1330\" data-end=\"1368\">\n<p data-start=\"1332\" data-end=\"1368\"><strong data-start=\"1332\" data-end=\"1356\">Eletromec\u00e2nica (SEM)<\/strong>: 14 vagas<\/p>\n<\/li>\n<li data-start=\"1369\" data-end=\"1411\">\n<p data-start=\"1371\" data-end=\"1411\"><strong data-start=\"1371\" data-end=\"1399\">Guarda e Seguran\u00e7a (SGS)<\/strong>: 12 vagas<\/p>\n<\/li>\n<li data-start=\"1412\" data-end=\"1445\">\n<p data-start=\"1414\" data-end=\"1445\"><strong data-start=\"1414\" data-end=\"1434\">Metalurgia (SML)<\/strong>: 6 vagas<\/p>\n<\/li>\n<li data-start=\"1446\" data-end=\"1495\">\n<p data-start=\"1448\" data-end=\"1495\"><strong data-start=\"1448\" data-end=\"1483\">Controle de Tr\u00e1fego A\u00e9reo (BCT)<\/strong>: 50 vagas<\/p>\n<\/li>\n<\/ul>\n<p data-start=\"1497\" data-end=\"1585\">O edital tamb\u00e9m reserva vagas para candidatos <strong data-start=\"1543\" data-end=\"1553\">negros<\/strong>, conforme a legisla\u00e7\u00e3o vigente.<\/p>\n<h3 data-start=\"1587\" data-end=\"1649\">Como ser\u00e1 o Curso de Forma\u00e7\u00e3o de Sargentos da Aeron\u00e1utica?<\/h3>\n<p data-start=\"1651\" data-end=\"1881\">O CFS ser\u00e1 realizado na <strong data-start=\"1675\" data-end=\"1706\">EEAR, em Guaratinguet\u00e1 (SP)<\/strong>, com dura\u00e7\u00e3o aproximada de <strong data-start=\"1734\" data-end=\"1744\">2 anos<\/strong>. A forma\u00e7\u00e3o inclui conte\u00fados nos campos <strong data-start=\"1785\" data-end=\"1827\">Geral, Militar e T\u00e9cnico Especializado<\/strong>, sendo reconhecida como curso t\u00e9cnico de n\u00edvel m\u00e9dio.<\/p>\n<p data-start=\"1883\" data-end=\"1923\">Durante o curso, o aluno ter\u00e1 direito a:<\/p>\n<ul data-start=\"1925\" data-end=\"2072\">\n<li data-start=\"1925\" data-end=\"1955\">\n<p data-start=\"1927\" data-end=\"1955\"><strong data-start=\"1927\" data-end=\"1955\">Alimenta\u00e7\u00e3o e alojamento<\/strong><\/p>\n<\/li>\n<li data-start=\"1956\" data-end=\"1981\">\n<p data-start=\"1958\" data-end=\"1981\"><strong data-start=\"1958\" data-end=\"1981\">Fardamento completo<\/strong><\/p>\n<\/li>\n<li data-start=\"1982\" data-end=\"2033\">\n<p data-start=\"1984\" data-end=\"2033\"><strong data-start=\"1984\" data-end=\"2033\">Assist\u00eancia m\u00e9dica, hospitalar e odontol\u00f3gica<\/strong><\/p>\n<\/li>\n<li data-start=\"2034\" data-end=\"2072\">\n<p data-start=\"2036\" data-end=\"2072\"><strong data-start=\"2036\" data-end=\"2072\">Bolsa de aproximadamente R$1.200<\/strong><\/p>\n<\/li>\n<\/ul>\n<p data-start=\"2074\" data-end=\"2258\">Ap\u00f3s a conclus\u00e3o, o militar ser\u00e1 nomeado <strong data-start=\"2115\" data-end=\"2136\">terceiro-sargento<\/strong>, com <strong data-start=\"2142\" data-end=\"2174\">remunera\u00e7\u00e3o atual de R$3.825<\/strong> mais adicionais, e poder\u00e1 ser designado para trabalhar em qualquer parte do Brasil.<\/p>\n<h3 data-start=\"2260\" data-end=\"2303\">Inscri\u00e7\u00f5es do Concurso Aeron\u00e1utica 2026<\/h3>\n<p>&nbsp;<\/p>\n<p data-start=\"2305\" data-end=\"2477\">As <strong data-start=\"2308\" data-end=\"2322\">inscri\u00e7\u00f5es<\/strong> estar\u00e3o abertas de <strong data-start=\"2342\" data-end=\"2379\">30 de junho a 28 de julho de 2025<\/strong>, diretamente pelo site da <strong data-start=\"2406\" data-end=\"2414\">EEAR<\/strong>. A taxa de inscri\u00e7\u00e3o \u00e9 de <strong data-start=\"2441\" data-end=\"2449\">R$95<\/strong>, com isen\u00e7\u00e3o prevista para:<\/p>\n<ul data-start=\"2479\" data-end=\"2583\">\n<li data-start=\"2479\" data-end=\"2543\">\n<p data-start=\"2481\" data-end=\"2543\">Candidatos de fam\u00edlias de baixa renda (inscritos no Cad\u00danico);<\/p>\n<\/li>\n<li data-start=\"2544\" data-end=\"2583\">\n<p data-start=\"2546\" data-end=\"2583\">Doadores de medula \u00f3ssea registrados.<\/p>\n<\/li>\n<\/ul>\n<p data-start=\"2585\" data-end=\"2648\">O pagamento da taxa poder\u00e1 ser feito at\u00e9 o dia <strong data-start=\"2632\" data-end=\"2647\">4 de agosto<\/strong>.<\/p>\n<h3 data-start=\"2650\" data-end=\"2677\">Etapas do Concurso EEAR<\/h3>\n<p>&nbsp;<\/p>\n<p data-start=\"2679\" data-end=\"2724\">Os candidatos passar\u00e3o pelas seguintes fases:<\/p>\n<ol data-start=\"2726\" data-end=\"3025\">\n<li data-start=\"2726\" data-end=\"2773\">\n<p data-start=\"2729\" data-end=\"2773\"><strong data-start=\"2729\" data-end=\"2748\">Provas escritas<\/strong> (30 de novembro de 2025)<\/p>\n<\/li>\n<li data-start=\"2774\" data-end=\"2808\">\n<p data-start=\"2777\" data-end=\"2808\"><strong data-start=\"2777\" data-end=\"2808\">Inspe\u00e7\u00e3o de Sa\u00fade (INSPSAU)<\/strong><\/p>\n<\/li>\n<li data-start=\"2809\" data-end=\"2850\">\n<p data-start=\"2812\" data-end=\"2850\"><strong data-start=\"2812\" data-end=\"2850\">Exame de Aptid\u00e3o Psicol\u00f3gica (EAP)<\/strong><\/p>\n<\/li>\n<li data-start=\"2851\" data-end=\"2909\">\n<p data-start=\"2854\" data-end=\"2909\"><strong data-start=\"2854\" data-end=\"2909\">Teste de Avalia\u00e7\u00e3o do Condicionamento F\u00edsico (TACF)<\/strong><\/p>\n<\/li>\n<li data-start=\"2910\" data-end=\"2971\">\n<p data-start=\"2913\" data-end=\"2971\"><strong data-start=\"2913\" data-end=\"2971\">Procedimento de Heteroidentifica\u00e7\u00e3o complementar (PHC)<\/strong><\/p>\n<\/li>\n<li data-start=\"2972\" data-end=\"3025\">\n<p data-start=\"2975\" data-end=\"3025\"><strong data-start=\"2975\" data-end=\"3025\">Valida\u00e7\u00e3o documental e habilita\u00e7\u00e3o \u00e0 matr\u00edcula<\/strong><\/p>\n<\/li>\n<\/ol>\n<p data-start=\"3027\" data-end=\"3104\">A prova escrita ser\u00e1 aplicada em diversas cidades do pa\u00eds e ter\u00e1 quest\u00f5es de:<\/p>\n<ul data-start=\"3106\" data-end=\"3180\">\n<li data-start=\"3106\" data-end=\"3129\">\n<p data-start=\"3108\" data-end=\"3129\"><strong data-start=\"3108\" data-end=\"3129\">L\u00edngua Portuguesa<\/strong><\/p>\n<\/li>\n<li data-start=\"3130\" data-end=\"3150\">\n<p data-start=\"3132\" data-end=\"3150\"><strong data-start=\"3132\" data-end=\"3150\">L\u00edngua Inglesa<\/strong><\/p>\n<\/li>\n<li data-start=\"3151\" data-end=\"3167\">\n<p data-start=\"3153\" data-end=\"3167\"><strong data-start=\"3153\" data-end=\"3167\">Matem\u00e1tica<\/strong><\/p>\n<\/li>\n<li data-start=\"3168\" data-end=\"3180\">\n<p data-start=\"3170\" data-end=\"3180\"><strong data-start=\"3170\" data-end=\"3180\">F\u00edsica<\/strong><\/p>\n<\/li>\n<\/ul>\n<p data-start=\"3182\" data-end=\"3315\">Para ser aprovado, o candidato precisa alcan\u00e7ar <strong data-start=\"3230\" data-end=\"3271\">m\u00ednimo de 5 pontos em cada disciplina<\/strong>, al\u00e9m de m\u00e9dia geral igual ou superior a 5.<\/p>\n<h3 data-start=\"3317\" data-end=\"3337\">Avalia\u00e7\u00e3o F\u00edsica<\/h3>\n<p data-start=\"3339\" data-end=\"3367\">O <strong data-start=\"3341\" data-end=\"3357\">teste f\u00edsico<\/strong> avaliar\u00e1:<\/p>\n<ul data-start=\"3369\" data-end=\"3488\">\n<li data-start=\"3369\" data-end=\"3402\">\n<p data-start=\"3371\" data-end=\"3402\">Flex\u00e3o do tronco sobre as coxas<\/p>\n<\/li>\n<li data-start=\"3403\" data-end=\"3421\">\n<p data-start=\"3405\" data-end=\"3421\">Salto horizontal<\/p>\n<\/li>\n<li data-start=\"3422\" data-end=\"3464\">\n<p data-start=\"3424\" data-end=\"3464\">Flex\u00e3o e extens\u00e3o dos membros superiores<\/p>\n<\/li>\n<li data-start=\"3465\" data-end=\"3488\">\n<p data-start=\"3467\" data-end=\"3488\">Corrida de 12 minutos<\/p>\n<\/li>\n<\/ul>\n<p data-start=\"3490\" data-end=\"3564\">A convoca\u00e7\u00e3o dos aprovados para matr\u00edcula ser\u00e1 feita em <strong data-start=\"3546\" data-end=\"3563\">junho de 2026<\/strong>.<\/p>\n<p data-start=\"3571\" data-end=\"3820\"><strong data-start=\"3571\" data-end=\"3651\">Quer se preparar para o Concurso da Aeron\u00e1utica com quem entende do assunto?<\/strong><br data-start=\"3651\" data-end=\"3654\" \/>A <strong data-start=\"3656\" data-end=\"3669\">Unicursos<\/strong> oferece turmas focadas na prepara\u00e7\u00e3o para a EEAR, com professores experientes e material atualizado. Comece agora sua jornada rumo \u00e0 carreira militar!<\/p>\n<p><strong>Entre em contato com nossas consultoras e saiba mais.\u00a0<\/strong><\/p>\n<p><a href=\"https:\/\/api.whatsapp.com\/send?phone=5512996504674\"><strong>(12) 99650-4674<\/strong><\/a><\/p>\n<p><strong>3909-5800<\/strong><\/p>\n<p>&nbsp;<\/p>\n<h3><\/h3>\n<!-- AddThis Advanced Settings generic via filter on the_content --><!-- AddThis Share Buttons generic via filter on the_content -->","protected":false},"excerpt":{"rendered":"<p>Foi publicado o edital do Concurso Aeron\u00e1utica 2026, com 206 vagas para o Curso de Forma\u00e7\u00e3o de Sargentos (CFS) da Escola de Especialistas da Aeron\u00e1utica (EEAR). A forma\u00e7\u00e3o ser\u00e1 iniciada no segundo semestre de 2026 e representa uma grande oportunidade para quem deseja seguir carreira militar de n\u00edvel m\u00e9dio, confira! O concurso \u00e9 aberto a &hellip;<\/p>\n<p class=\"read-more\"> <a class=\"\" href=\"https:\/\/unicursos.com.br\/blog\/eear-divulga-edital-com-206-vagas-para-curso-de-formacao-de-sargentos\/\"> <span class=\"screen-reader-text\">EEAR divulga edital com 206 vagas para Curso de Forma\u00e7\u00e3o de Sargentos!<\/span> Leia mais &raquo;<\/a><\/p>\n<p><!-- AddThis Advanced Settings generic via filter on get_the_excerpt --><!-- AddThis Share Buttons generic via filter on get_the_excerpt --><\/p>\n","protected":false},"author":40,"featured_media":9476,"comment_status":"open","ping_status":"open","sticky":false,"template":"","format":"standard","meta":{"site-sidebar-layout":"default","site-content-layout":"default","ast-main-header-display":"","ast-hfb-above-header-display":"","ast-hfb-below-header-display":"","ast-hfb-mobile-header-display":"","site-post-title":"","ast-breadcrumbs-content":"","ast-featured-img":"","footer-sml-layout":"","theme-transparent-header-meta":"","adv-header-id-meta":"","stick-header-meta":"","header-above-stick-meta":"","header-main-stick-meta":"","header-below-stick-meta":"","footnotes":""},"categories":[468],"tags":[42,465],"class_list":["post-9475","post","type-post","status-publish","format-standard","has-post-thumbnail","hentry","category-militar","tag-carreira-militar","tag-concurso-militar"],"yoast_head":"<!-- This site is optimized with the Yoast SEO plugin v18.1 - https:\/\/yoast.com\/wordpress\/plugins\/seo\/ -->\n<title>EEAR divulga edital com 206 vagas para Curso de Forma\u00e7\u00e3o de Sargentos! - Blog Unicursos<\/title>\n<meta name=\"robots\" content=\"index, follow, max-snippet:-1, max-image-preview:large, max-video-preview:-1\" \/>\n<link rel=\"canonical\" href=\"https:\/\/unicursos.com.br\/blog\/eear-divulga-edital-com-206-vagas-para-curso-de-formacao-de-sargentos\/\" \/>\n<meta property=\"og:locale\" content=\"pt_BR\" \/>\n<meta property=\"og:type\" content=\"article\" \/>\n<meta property=\"og:title\" content=\"EEAR divulga edital com 206 vagas para Curso de Forma\u00e7\u00e3o de Sargentos! - Blog Unicursos\" \/>\n<meta property=\"og:description\" content=\"Foi publicado o edital do Concurso Aeron\u00e1utica 2026, com 206 vagas para o Curso de Forma\u00e7\u00e3o de Sargentos (CFS) da Escola de Especialistas da Aeron\u00e1utica (EEAR). A forma\u00e7\u00e3o ser\u00e1 iniciada no segundo semestre de 2026 e representa uma grande oportunidade para quem deseja seguir carreira militar de n\u00edvel m\u00e9dio, confira! O concurso \u00e9 aberto a &hellip; EEAR divulga edital com 206 vagas para Curso de Forma\u00e7\u00e3o de Sargentos! Leia mais &raquo;\" \/>\n<meta property=\"og:url\" content=\"https:\/\/unicursos.com.br\/blog\/eear-divulga-edital-com-206-vagas-para-curso-de-formacao-de-sargentos\/\" \/>\n<meta property=\"og:site_name\" content=\"Blog Unicursos\" \/>\n<meta property=\"article:published_time\" content=\"2025-06-24T22:29:24+00:00\" \/>\n<meta property=\"og:image\" content=\"https:\/\/unicursos.com.br\/blog\/wp-content\/uploads\/2025\/06\/noticias-69.png\" \/>\n\t<meta property=\"og:image:width\" content=\"1110\" \/>\n\t<meta property=\"og:image:height\" content=\"550\" \/>\n\t<meta property=\"og:image:type\" content=\"image\/png\" \/>\n<meta name=\"twitter:card\" content=\"summary_large_image\" \/>\n<meta name=\"twitter:label1\" content=\"Escrito por\" \/>\n\t<meta name=\"twitter:data1\" content=\"Giovanna Panziera\" \/>\n\t<meta name=\"twitter:label2\" content=\"Est. tempo de leitura\" \/>\n\t<meta name=\"twitter:data2\" content=\"3 minutos\" \/>\n<script type=\"application\/ld+json\" class=\"yoast-schema-graph\">{\"@context\":\"https:\/\/schema.org\",\"@graph\":[{\"@type\":\"WebSite\",\"@id\":\"https:\/\/unicursos.com.br\/blog\/#website\",\"url\":\"https:\/\/unicursos.com.br\/blog\/\",\"name\":\"Blog Unicursos\",\"description\":\"S\u00f3 mais um site WordPress\",\"potentialAction\":[{\"@type\":\"SearchAction\",\"target\":{\"@type\":\"EntryPoint\",\"urlTemplate\":\"https:\/\/unicursos.com.br\/blog\/?s={search_term_string}\"},\"query-input\":\"required name=search_term_string\"}],\"inLanguage\":\"pt-BR\"},{\"@type\":\"ImageObject\",\"@id\":\"https:\/\/unicursos.com.br\/blog\/eear-divulga-edital-com-206-vagas-para-curso-de-formacao-de-sargentos\/#primaryimage\",\"inLanguage\":\"pt-BR\",\"url\":\"https:\/\/unicursos.com.br\/blog\/wp-content\/uploads\/2025\/06\/noticias-69.png\",\"contentUrl\":\"https:\/\/unicursos.com.br\/blog\/wp-content\/uploads\/2025\/06\/noticias-69.png\",\"width\":1110,\"height\":550},{\"@type\":\"WebPage\",\"@id\":\"https:\/\/unicursos.com.br\/blog\/eear-divulga-edital-com-206-vagas-para-curso-de-formacao-de-sargentos\/#webpage\",\"url\":\"https:\/\/unicursos.com.br\/blog\/eear-divulga-edital-com-206-vagas-para-curso-de-formacao-de-sargentos\/\",\"name\":\"EEAR divulga edital com 206 vagas para Curso de Forma\u00e7\u00e3o de Sargentos! - Blog Unicursos\",\"isPartOf\":{\"@id\":\"https:\/\/unicursos.com.br\/blog\/#website\"},\"primaryImageOfPage\":{\"@id\":\"https:\/\/unicursos.com.br\/blog\/eear-divulga-edital-com-206-vagas-para-curso-de-formacao-de-sargentos\/#primaryimage\"},\"datePublished\":\"2025-06-24T22:29:24+00:00\",\"dateModified\":\"2025-06-24T22:29:24+00:00\",\"author\":{\"@id\":\"https:\/\/unicursos.com.br\/blog\/#\/schema\/person\/6ba7607de60d4c6ed771490b3156da64\"},\"breadcrumb\":{\"@id\":\"https:\/\/unicursos.com.br\/blog\/eear-divulga-edital-com-206-vagas-para-curso-de-formacao-de-sargentos\/#breadcrumb\"},\"inLanguage\":\"pt-BR\",\"potentialAction\":[{\"@type\":\"ReadAction\",\"target\":[\"https:\/\/unicursos.com.br\/blog\/eear-divulga-edital-com-206-vagas-para-curso-de-formacao-de-sargentos\/\"]}]},{\"@type\":\"BreadcrumbList\",\"@id\":\"https:\/\/unicursos.com.br\/blog\/eear-divulga-edital-com-206-vagas-para-curso-de-formacao-de-sargentos\/#breadcrumb\",\"itemListElement\":[{\"@type\":\"ListItem\",\"position\":1,\"name\":\"In\u00edcio\",\"item\":\"https:\/\/unicursos.com.br\/blog\/\"},{\"@type\":\"ListItem\",\"position\":2,\"name\":\"EEAR divulga edital com 206 vagas para Curso de Forma\u00e7\u00e3o de Sargentos!\"}]},{\"@type\":\"Person\",\"@id\":\"https:\/\/unicursos.com.br\/blog\/#\/schema\/person\/6ba7607de60d4c6ed771490b3156da64\",\"name\":\"Giovanna Panziera\",\"image\":{\"@type\":\"ImageObject\",\"@id\":\"https:\/\/unicursos.com.br\/blog\/#personlogo\",\"inLanguage\":\"pt-BR\",\"url\":\"https:\/\/secure.gravatar.com\/avatar\/5cb6f531d43bfe59b03c9f038aed276c40ad920ccea77cba97512e9c2086af14?s=96&d=mm&r=g\",\"contentUrl\":\"https:\/\/secure.gravatar.com\/avatar\/5cb6f531d43bfe59b03c9f038aed276c40ad920ccea77cba97512e9c2086af14?s=96&d=mm&r=g\",\"caption\":\"Giovanna Panziera\"},\"url\":\"https:\/\/unicursos.com.br\/blog\/author\/giovanna-panziera\/\"}]}<\/script>\n<!-- \/ Yoast SEO plugin. -->","yoast_head_json":{"title":"EEAR divulga edital com 206 vagas para Curso de Forma\u00e7\u00e3o de Sargentos! - Blog Unicursos","robots":{"index":"index","follow":"follow","max-snippet":"max-snippet:-1","max-image-preview":"max-image-preview:large","max-video-preview":"max-video-preview:-1"},"canonical":"https:\/\/unicursos.com.br\/blog\/eear-divulga-edital-com-206-vagas-para-curso-de-formacao-de-sargentos\/","og_locale":"pt_BR","og_type":"article","og_title":"EEAR divulga edital com 206 vagas para Curso de Forma\u00e7\u00e3o de Sargentos! - Blog Unicursos","og_description":"Foi publicado o edital do Concurso Aeron\u00e1utica 2026, com 206 vagas para o Curso de Forma\u00e7\u00e3o de Sargentos (CFS) da Escola de Especialistas da Aeron\u00e1utica (EEAR). A forma\u00e7\u00e3o ser\u00e1 iniciada no segundo semestre de 2026 e representa uma grande oportunidade para quem deseja seguir carreira militar de n\u00edvel m\u00e9dio, confira! O concurso \u00e9 aberto a &hellip; EEAR divulga edital com 206 vagas para Curso de Forma\u00e7\u00e3o de Sargentos! Leia mais &raquo;","og_url":"https:\/\/unicursos.com.br\/blog\/eear-divulga-edital-com-206-vagas-para-curso-de-formacao-de-sargentos\/","og_site_name":"Blog Unicursos","article_published_time":"2025-06-24T22:29:24+00:00","og_image":[{"width":1110,"height":550,"url":"https:\/\/unicursos.com.br\/blog\/wp-content\/uploads\/2025\/06\/noticias-69.png","type":"image\/png"}],"twitter_card":"summary_large_image","twitter_misc":{"Escrito por":"Giovanna Panziera","Est. tempo de leitura":"3 minutos"},"schema":{"@context":"https:\/\/schema.org","@graph":[{"@type":"WebSite","@id":"https:\/\/unicursos.com.br\/blog\/#website","url":"https:\/\/unicursos.com.br\/blog\/","name":"Blog Unicursos","description":"S\u00f3 mais um site WordPress","potentialAction":[{"@type":"SearchAction","target":{"@type":"EntryPoint","urlTemplate":"https:\/\/unicursos.com.br\/blog\/?s={search_term_string}"},"query-input":"required name=search_term_string"}],"inLanguage":"pt-BR"},{"@type":"ImageObject","@id":"https:\/\/unicursos.com.br\/blog\/eear-divulga-edital-com-206-vagas-para-curso-de-formacao-de-sargentos\/#primaryimage","inLanguage":"pt-BR","url":"https:\/\/unicursos.com.br\/blog\/wp-content\/uploads\/2025\/06\/noticias-69.png","contentUrl":"https:\/\/unicursos.com.br\/blog\/wp-content\/uploads\/2025\/06\/noticias-69.png","width":1110,"height":550},{"@type":"WebPage","@id":"https:\/\/unicursos.com.br\/blog\/eear-divulga-edital-com-206-vagas-para-curso-de-formacao-de-sargentos\/#webpage","url":"https:\/\/unicursos.com.br\/blog\/eear-divulga-edital-com-206-vagas-para-curso-de-formacao-de-sargentos\/","name":"EEAR divulga edital com 206 vagas para Curso de Forma\u00e7\u00e3o de Sargentos! - Blog Unicursos","isPartOf":{"@id":"https:\/\/unicursos.com.br\/blog\/#website"},"primaryImageOfPage":{"@id":"https:\/\/unicursos.com.br\/blog\/eear-divulga-edital-com-206-vagas-para-curso-de-formacao-de-sargentos\/#primaryimage"},"datePublished":"2025-06-24T22:29:24+00:00","dateModified":"2025-06-24T22:29:24+00:00","author":{"@id":"https:\/\/unicursos.com.br\/blog\/#\/schema\/person\/6ba7607de60d4c6ed771490b3156da64"},"breadcrumb":{"@id":"https:\/\/unicursos.com.br\/blog\/eear-divulga-edital-com-206-vagas-para-curso-de-formacao-de-sargentos\/#breadcrumb"},"inLanguage":"pt-BR","potentialAction":[{"@type":"ReadAction","target":["https:\/\/unicursos.com.br\/blog\/eear-divulga-edital-com-206-vagas-para-curso-de-formacao-de-sargentos\/"]}]},{"@type":"BreadcrumbList","@id":"https:\/\/unicursos.com.br\/blog\/eear-divulga-edital-com-206-vagas-para-curso-de-formacao-de-sargentos\/#breadcrumb","itemListElement":[{"@type":"ListItem","position":1,"name":"In\u00edcio","item":"https:\/\/unicursos.com.br\/blog\/"},{"@type":"ListItem","position":2,"name":"EEAR divulga edital com 206 vagas para Curso de Forma\u00e7\u00e3o de Sargentos!"}]},{"@type":"Person","@id":"https:\/\/unicursos.com.br\/blog\/#\/schema\/person\/6ba7607de60d4c6ed771490b3156da64","name":"Giovanna Panziera","image":{"@type":"ImageObject","@id":"https:\/\/unicursos.com.br\/blog\/#personlogo","inLanguage":"pt-BR","url":"https:\/\/secure.gravatar.com\/avatar\/5cb6f531d43bfe59b03c9f038aed276c40ad920ccea77cba97512e9c2086af14?s=96&d=mm&r=g","contentUrl":"https:\/\/secure.gravatar.com\/avatar\/5cb6f531d43bfe59b03c9f038aed276c40ad920ccea77cba97512e9c2086af14?s=96&d=mm&r=g","caption":"Giovanna Panziera"},"url":"https:\/\/unicursos.com.br\/blog\/author\/giovanna-panziera\/"}]}},"_links":{"self":[{"href":"https:\/\/unicursos.com.br\/blog\/wp-json\/wp\/v2\/posts\/9475","targetHints":{"allow":["GET"]}}],"collection":[{"href":"https:\/\/unicursos.com.br\/blog\/wp-json\/wp\/v2\/posts"}],"about":[{"href":"https:\/\/unicursos.com.br\/blog\/wp-json\/wp\/v2\/types\/post"}],"author":[{"embeddable":true,"href":"https:\/\/unicursos.com.br\/blog\/wp-json\/wp\/v2\/users\/40"}],"replies":[{"embeddable":true,"href":"https:\/\/unicursos.com.br\/blog\/wp-json\/wp\/v2\/comments?post=9475"}],"version-history":[{"count":1,"href":"https:\/\/unicursos.com.br\/blog\/wp-json\/wp\/v2\/posts\/9475\/revisions"}],"predecessor-version":[{"id":9477,"href":"https:\/\/unicursos.com.br\/blog\/wp-json\/wp\/v2\/posts\/9475\/revisions\/9477"}],"wp:featuredmedia":[{"embeddable":true,"href":"https:\/\/unicursos.com.br\/blog\/wp-json\/wp\/v2\/media\/9476"}],"wp:attachment":[{"href":"https:\/\/unicursos.com.br\/blog\/wp-json\/wp\/v2\/media?parent=9475"}],"wp:term":[{"taxonomy":"category","embeddable":true,"href":"https:\/\/unicursos.com.br\/blog\/wp-json\/wp\/v2\/categories?post=9475"},{"taxonomy":"post_tag","embeddable":true,"href":"https:\/\/unicursos.com.br\/blog\/wp-json\/wp\/v2\/tags?post=9475"}],"curies":[{"name":"wp","href":"https:\/\/api.w.org\/{rel}","templated":true}]}}