{"id":9490,"date":"2025-07-03T18:23:18","date_gmt":"2025-07-03T21:23:18","guid":{"rendered":"https:\/\/unicursos.com.br\/blog\/?p=9490"},"modified":"2025-07-03T18:23:18","modified_gmt":"2025-07-03T21:23:18","slug":"concurso-mp-sp-2025-edital-publicado-para-nivel-fundamental-com-salario-de-ate-r8-mil","status":"publish","type":"post","link":"https:\/\/unicursos.com.br\/blog\/concurso-mp-sp-2025-edital-publicado-para-nivel-fundamental-com-salario-de-ate-r8-mil\/","title":{"rendered":"Concurso MP SP 2025: Edital publicado para n\u00edvel fundamental com sal\u00e1rio de at\u00e9 R$8 mil"},"content":{"rendered":"<h3><strong>O Minist\u00e9rio P\u00fablico de S\u00e3o Paulo divulgou o edital do concurso com cinco vagas imediatas mais cadastro de reserva, requisito n\u00edvel fundamental e sal\u00e1rios que podem ultrapassar R$ 8 mil. Veja mais informa\u00e7\u00f5es:\u00a0<\/strong><\/h3>\n<p>&nbsp;<\/p>\n<p data-start=\"529\" data-end=\"1007\"><strong data-start=\"531\" data-end=\"566\">Minist\u00e9rio P\u00fablico de S\u00e3o Paulo<\/strong> acaba de divulgar o <strong data-start=\"587\" data-end=\"620\">edital do concurso MP SP 2025<\/strong>, com <strong data-start=\"626\" data-end=\"651\">cinco vagas imediatas<\/strong> para o cargo de <strong data-start=\"668\" data-end=\"710\">auxiliar de promotoria III \u2013 motorista<\/strong>, al\u00e9m de forma\u00e7\u00e3o de <strong data-start=\"732\" data-end=\"755\">cadastro de reserva<\/strong>. A fun\u00e7\u00e3o exige <strong data-start=\"772\" data-end=\"803\">ensino fundamental completo<\/strong> e <strong data-start=\"806\" data-end=\"835\">CNH nas categorias D ou E<\/strong>, e oferece <strong data-start=\"847\" data-end=\"889\">sal\u00e1rios que podem ultrapassar R$8 mil<\/strong>. Uma excelente oportunidade para quem busca <strong data-start=\"934\" data-end=\"969\">estabilidade no servi\u00e7o p\u00fablico<\/strong>, sem exig\u00eancia de experi\u00eancia pr\u00e9via.<\/p>\n<h3 data-start=\"1009\" data-end=\"1033\">Detalhes do cargo<\/h3>\n<p data-start=\"1035\" data-end=\"1101\">O cargo de <strong data-start=\"1046\" data-end=\"1068\">motorista no MP SP<\/strong> tem como atribui\u00e7\u00f5es principais:<\/p>\n<ul data-start=\"1103\" data-end=\"1285\">\n<li data-start=\"1103\" data-end=\"1172\">\n<p data-start=\"1105\" data-end=\"1172\">Conduzir ve\u00edculos automotores para transporte de pessoas ou cargas;<\/p>\n<\/li>\n<li data-start=\"1173\" data-end=\"1221\">\n<p data-start=\"1175\" data-end=\"1221\">Verificar as condi\u00e7\u00f5es do ve\u00edculo diariamente;<\/p>\n<\/li>\n<li data-start=\"1222\" data-end=\"1285\">\n<p data-start=\"1224\" data-end=\"1285\">Zelar pela conserva\u00e7\u00e3o e limpeza dos ve\u00edculos e equipamentos.<\/p>\n<\/li>\n<\/ul>\n<p data-start=\"1287\" data-end=\"1434\">A <strong data-start=\"1289\" data-end=\"1335\">jornada de trabalho \u00e9 de 40 horas semanais<\/strong> e a contrata\u00e7\u00e3o ocorre pelo <strong data-start=\"1364\" data-end=\"1386\">regime estatut\u00e1rio<\/strong>, que assegura estabilidade ao servidor p\u00fablico.<\/p>\n<h3 data-start=\"1436\" data-end=\"1454\">Remunera\u00e7\u00e3o<\/h3>\n<p data-start=\"1456\" data-end=\"1534\">O sal\u00e1rio total pode chegar a <strong data-start=\"1486\" data-end=\"1500\">R$8.313,41<\/strong>, somando os seguintes benef\u00edcios:<\/p>\n<ul data-start=\"1536\" data-end=\"1704\">\n<li data-start=\"1536\" data-end=\"1567\">\n<p data-start=\"1538\" data-end=\"1567\">Vencimento base: R$2.632,80<\/p>\n<\/li>\n<li data-start=\"1568\" data-end=\"1610\">\n<p data-start=\"1570\" data-end=\"1610\">Gratifica\u00e7\u00e3o de promotoria: R$3.010,34<\/p>\n<\/li>\n<li data-start=\"1611\" data-end=\"1643\">\n<p data-start=\"1613\" data-end=\"1643\">Aux\u00edlio-alimenta\u00e7\u00e3o: R$1.450<\/p>\n<\/li>\n<li data-start=\"1644\" data-end=\"1676\">\n<p data-start=\"1646\" data-end=\"1676\">Aux\u00edlio-transporte: R$373,80<\/p>\n<\/li>\n<li data-start=\"1677\" data-end=\"1704\">\n<p data-start=\"1679\" data-end=\"1704\">Aux\u00edlio-sa\u00fade: R$846,47<\/p>\n<\/li>\n<\/ul>\n<h3 data-start=\"1706\" data-end=\"1729\">Vagas por regi\u00e3o<\/h3>\n<p data-start=\"1731\" data-end=\"1822\">As vagas do concurso est\u00e3o distribu\u00eddas por <strong data-start=\"1775\" data-end=\"1798\">cinco macrorregi\u00f5es<\/strong> do Estado de S\u00e3o Paulo:<\/p>\n<ul data-start=\"1824\" data-end=\"2194\">\n<li data-start=\"1824\" data-end=\"1907\">\n<p data-start=\"1826\" data-end=\"1907\"><strong data-start=\"1826\" data-end=\"1891\">Macrorregi\u00e3o I (Capital, Grande SP, Santos e Vale do Ribeira)<\/strong> \u2013 1 vaga + CR<\/p>\n<\/li>\n<li data-start=\"1908\" data-end=\"1966\">\n<p data-start=\"1910\" data-end=\"1966\"><strong data-start=\"1910\" data-end=\"1950\">Macrorregi\u00e3o II (Campinas e Taubat\u00e9)<\/strong> \u2013 1 vaga + CR<\/p>\n<\/li>\n<li data-start=\"1967\" data-end=\"2029\">\n<p data-start=\"1969\" data-end=\"2029\"><strong data-start=\"1969\" data-end=\"2013\">Macrorregi\u00e3o III (Piracicaba e Sorocaba)<\/strong> \u2013 1 vaga + CR<\/p>\n<\/li>\n<li data-start=\"2030\" data-end=\"2108\">\n<p data-start=\"2032\" data-end=\"2108\"><strong data-start=\"2032\" data-end=\"2092\">Macrorregi\u00e3o IV (Bauru, Ara\u00e7atuba e Presidente Prudente)<\/strong> \u2013 1 vaga + CR<\/p>\n<\/li>\n<li data-start=\"2109\" data-end=\"2194\">\n<p data-start=\"2111\" data-end=\"2194\"><strong data-start=\"2111\" data-end=\"2178\">Macrorregi\u00e3o V (Ribeir\u00e3o Preto, Franca e S\u00e3o Jos\u00e9 do Rio Preto)<\/strong> \u2013 1 vaga + CR<\/p>\n<\/li>\n<\/ul>\n<h3 data-start=\"2196\" data-end=\"2229\">Inscri\u00e7\u00f5es: datas e taxas<\/h3>\n<p data-start=\"2231\" data-end=\"2414\">As inscri\u00e7\u00f5es para o <strong data-start=\"2252\" data-end=\"2275\">concurso MP SP 2025<\/strong> ficar\u00e3o abertas de <strong data-start=\"2295\" data-end=\"2323\">4 de julho a 4 de agosto<\/strong>, exclusivamente pelo site da <strong data-start=\"2353\" data-end=\"2372\">Funda\u00e7\u00e3o Vunesp<\/strong>, respons\u00e1vel pela organiza\u00e7\u00e3o do certame.<\/p>\n<ul data-start=\"2416\" data-end=\"2629\">\n<li data-start=\"2416\" data-end=\"2448\">\n<p data-start=\"2418\" data-end=\"2448\"><strong data-start=\"2418\" data-end=\"2439\">Taxa de inscri\u00e7\u00e3o<\/strong>: R$118<\/p>\n<\/li>\n<li data-start=\"2449\" data-end=\"2506\">\n<p data-start=\"2451\" data-end=\"2506\"><strong data-start=\"2451\" data-end=\"2468\">Isen\u00e7\u00e3o total<\/strong>: dispon\u00edvel para doadores de sangue<\/p>\n<\/li>\n<li data-start=\"2507\" data-end=\"2629\">\n<p data-start=\"2509\" data-end=\"2629\"><strong data-start=\"2509\" data-end=\"2528\">Desconto de 50%<\/strong>: para estudantes de cursos pr\u00e9-vestibulares ou de n\u00edvel superior, com baixa renda ou desempregados<\/p>\n<\/li>\n<\/ul>\n<p data-start=\"2631\" data-end=\"2749\">A solicita\u00e7\u00e3o de isen\u00e7\u00e3o ou desconto deve ser feita entre <strong data-start=\"2689\" data-end=\"2707\">4 e 5 de julho<\/strong>, com envio de documenta\u00e7\u00e3o comprobat\u00f3ria.<\/p>\n<h3 data-start=\"2751\" data-end=\"2776\">Etapas do concurso<\/h3>\n<p data-start=\"2778\" data-end=\"2832\">O processo seletivo ser\u00e1 composto por <strong data-start=\"2816\" data-end=\"2831\">duas etapas<\/strong>:<\/p>\n<ol data-start=\"2834\" data-end=\"3062\">\n<li data-start=\"2834\" data-end=\"3011\">\n<p data-start=\"2837\" data-end=\"2925\"><strong data-start=\"2837\" data-end=\"2855\">Prova objetiva<\/strong> \u2013 marcada para o <strong data-start=\"2873\" data-end=\"2895\">dia 28 de setembro<\/strong>, \u00e0 tarde, com aplica\u00e7\u00e3o em:<\/p>\n<ul data-start=\"2929\" data-end=\"3011\">\n<li data-start=\"2929\" data-end=\"2942\">\n<p data-start=\"2931\" data-end=\"2942\">S\u00e3o Paulo<\/p>\n<\/li>\n<li data-start=\"2946\" data-end=\"2958\">\n<p data-start=\"2948\" data-end=\"2958\">Campinas<\/p>\n<\/li>\n<li data-start=\"2962\" data-end=\"2976\">\n<p data-start=\"2964\" data-end=\"2976\">Piracicaba<\/p>\n<\/li>\n<li data-start=\"2980\" data-end=\"2989\">\n<p data-start=\"2982\" data-end=\"2989\">Bauru<\/p>\n<\/li>\n<li data-start=\"2993\" data-end=\"3011\">\n<p data-start=\"2995\" data-end=\"3011\">Ribeir\u00e3o Preto<\/p>\n<\/li>\n<\/ul>\n<\/li>\n<li data-start=\"3013\" data-end=\"3062\">\n<p data-start=\"3016\" data-end=\"3062\"><strong data-start=\"3016\" data-end=\"3033\">Prova pr\u00e1tica<\/strong> \u2013 exame de dire\u00e7\u00e3o veicular.<\/p>\n<\/li>\n<\/ol>\n<p data-start=\"3064\" data-end=\"3116\">A prova objetiva ter\u00e1 <strong data-start=\"3086\" data-end=\"3101\">50 quest\u00f5es<\/strong>, divididas em:<\/p>\n<ul data-start=\"3118\" data-end=\"3296\">\n<li data-start=\"3118\" data-end=\"3157\">\n<p data-start=\"3120\" data-end=\"3157\"><strong data-start=\"3120\" data-end=\"3141\">L\u00edngua Portuguesa<\/strong> \u2013 15 quest\u00f5es<\/p>\n<\/li>\n<li data-start=\"3158\" data-end=\"3210\">\n<p data-start=\"3160\" data-end=\"3210\"><strong data-start=\"3160\" data-end=\"3194\">Matem\u00e1tica e Racioc\u00ednio L\u00f3gico<\/strong> \u2013 10 quest\u00f5es<\/p>\n<\/li>\n<li data-start=\"3211\" data-end=\"3248\">\n<p data-start=\"3213\" data-end=\"3248\"><strong data-start=\"3213\" data-end=\"3233\">Legisla\u00e7\u00e3o do MP<\/strong> \u2013 5 quest\u00f5es<\/p>\n<\/li>\n<li data-start=\"3249\" data-end=\"3296\">\n<p data-start=\"3251\" data-end=\"3296\"><strong data-start=\"3251\" data-end=\"3280\">Conhecimentos Espec\u00edficos<\/strong> \u2013 20 quest\u00f5es<\/p>\n<\/li>\n<\/ul>\n<p data-start=\"3298\" data-end=\"3409\">Ser\u00e1 aprovado quem alcan\u00e7ar pelo menos <strong data-start=\"3337\" data-end=\"3350\">60 pontos<\/strong> e estiver entre os mais bem colocados na sua macrorregi\u00e3o.<\/p>\n<h3 data-start=\"3411\" data-end=\"3438\">Validade do concurso<\/h3>\n<p data-start=\"3440\" data-end=\"3593\">O concurso ter\u00e1 validade de <strong data-start=\"3468\" data-end=\"3481\">dois anos<\/strong>, podendo ser prorrogado por igual per\u00edodo, permitindo futuras convoca\u00e7\u00f5es de candidatos do cadastro de reserva.<\/p>\n<h3 data-start=\"3600\" data-end=\"3637\"><strong data-start=\"3606\" data-end=\"3637\">Prepare-se com a Unicursos!<\/strong><\/h3>\n<p>&nbsp;<\/p>\n<p data-start=\"3639\" data-end=\"3880\">Quer conquistar sua vaga no <strong data-start=\"3667\" data-end=\"3676\">MP SP<\/strong>? A <strong data-start=\"3680\" data-end=\"3693\">Unicursos<\/strong> oferece a prepara\u00e7\u00e3o ideal para voc\u00ea que quer garantir um cargo p\u00fablico mesmo com ensino fundamental. Conte com materiais atualizados, simulados e professores especialistas em concursos!<\/p>\n<p><span style=\"font-weight: 400;\">Entre em<\/span><a href=\"https:\/\/unicursos.com.br\/contato\/\"> <b>contato com nossas consultoras:\u00a0<\/b><\/a><\/p>\n<p><a href=\"https:\/\/api.whatsapp.com\/send?phone=5512996504674\"><b>(12) 99650-4674<\/b><\/a><\/p>\n<p><b>3909-5800<\/b><\/p>\n<p><b>Fonte:\u00a0<\/b><\/p>\n<p>FOLHA DIRIGIDA<\/p>\n<!-- AddThis Advanced Settings generic via filter on the_content --><!-- AddThis Share Buttons generic via filter on the_content -->","protected":false},"excerpt":{"rendered":"<p>O Minist\u00e9rio P\u00fablico de S\u00e3o Paulo divulgou o edital do concurso com cinco vagas imediatas mais cadastro de reserva, requisito n\u00edvel fundamental e sal\u00e1rios que podem ultrapassar R$ 8 mil. Veja mais informa\u00e7\u00f5es:\u00a0 &nbsp; Minist\u00e9rio P\u00fablico de S\u00e3o Paulo acaba de divulgar o edital do concurso MP SP 2025, com cinco vagas imediatas para o &hellip;<\/p>\n<p class=\"read-more\"> <a class=\"\" href=\"https:\/\/unicursos.com.br\/blog\/concurso-mp-sp-2025-edital-publicado-para-nivel-fundamental-com-salario-de-ate-r8-mil\/\"> <span class=\"screen-reader-text\">Concurso MP SP 2025: Edital publicado para n\u00edvel fundamental com sal\u00e1rio de at\u00e9 R$8 mil<\/span> Leia mais &raquo;<\/a><\/p>\n<p><!-- AddThis Advanced Settings generic via filter on get_the_excerpt --><!-- AddThis Share Buttons generic via filter on get_the_excerpt --><\/p>\n","protected":false},"author":40,"featured_media":9491,"comment_status":"open","ping_status":"closed","sticky":false,"template":"","format":"standard","meta":{"site-sidebar-layout":"default","site-content-layout":"default","ast-main-header-display":"","ast-hfb-above-header-display":"","ast-hfb-below-header-display":"","ast-hfb-mobile-header-display":"","site-post-title":"","ast-breadcrumbs-content":"","ast-featured-img":"","footer-sml-layout":"","theme-transparent-header-meta":"","adv-header-id-meta":"","stick-header-meta":"","header-above-stick-meta":"","header-main-stick-meta":"","header-below-stick-meta":"","footnotes":""},"categories":[2],"tags":[54,105,348],"class_list":["post-9490","post","type-post","status-publish","format-standard","has-post-thumbnail","hentry","category-concursos","tag-concurso","tag-concurso-mp-sp","tag-sao-paulo"],"yoast_head":"<!-- This site is optimized with the Yoast SEO plugin v18.1 - https:\/\/yoast.com\/wordpress\/plugins\/seo\/ -->\n<title>Concurso MP SP 2025: Edital publicado para n\u00edvel fundamental com sal\u00e1rio de at\u00e9 R$8 mil<\/title>\n<meta name=\"description\" content=\"Minist\u00e9rio P\u00fablico de S\u00e3o Paulo confirma aval dos editais de Oficial de Promotoria e Analista de Promotoria para concurso MP SP. Entenda!\" \/>\n<meta name=\"robots\" content=\"index, follow, max-snippet:-1, max-image-preview:large, max-video-preview:-1\" \/>\n<link rel=\"canonical\" href=\"https:\/\/unicursos.com.br\/blog\/concurso-mp-sp-2025-edital-publicado-para-nivel-fundamental-com-salario-de-ate-r8-mil\/\" \/>\n<meta property=\"og:locale\" content=\"pt_BR\" \/>\n<meta property=\"og:type\" content=\"article\" \/>\n<meta property=\"og:title\" content=\"Concurso MP SP 2025: Edital publicado para n\u00edvel fundamental com sal\u00e1rio de at\u00e9 R$8 mil\" \/>\n<meta property=\"og:description\" content=\"Minist\u00e9rio P\u00fablico de S\u00e3o Paulo confirma aval dos editais de Oficial de Promotoria e Analista de Promotoria para concurso MP SP. Entenda!\" \/>\n<meta property=\"og:url\" content=\"https:\/\/unicursos.com.br\/blog\/concurso-mp-sp-2025-edital-publicado-para-nivel-fundamental-com-salario-de-ate-r8-mil\/\" \/>\n<meta property=\"og:site_name\" content=\"Blog Unicursos\" \/>\n<meta property=\"article:published_time\" content=\"2025-07-03T21:23:18+00:00\" \/>\n<meta property=\"og:image\" content=\"https:\/\/unicursos.com.br\/blog\/wp-content\/uploads\/2025\/07\/noticias-72.png\" \/>\n\t<meta property=\"og:image:width\" content=\"1110\" \/>\n\t<meta property=\"og:image:height\" content=\"550\" \/>\n\t<meta property=\"og:image:type\" content=\"image\/png\" \/>\n<meta name=\"twitter:card\" content=\"summary_large_image\" \/>\n<meta name=\"twitter:label1\" content=\"Escrito por\" \/>\n\t<meta name=\"twitter:data1\" content=\"Giovanna Panziera\" \/>\n\t<meta name=\"twitter:label2\" content=\"Est. tempo de leitura\" \/>\n\t<meta name=\"twitter:data2\" content=\"2 minutos\" \/>\n<script type=\"application\/ld+json\" class=\"yoast-schema-graph\">{\"@context\":\"https:\/\/schema.org\",\"@graph\":[{\"@type\":\"WebSite\",\"@id\":\"https:\/\/unicursos.com.br\/blog\/#website\",\"url\":\"https:\/\/unicursos.com.br\/blog\/\",\"name\":\"Blog Unicursos\",\"description\":\"S\u00f3 mais um site WordPress\",\"potentialAction\":[{\"@type\":\"SearchAction\",\"target\":{\"@type\":\"EntryPoint\",\"urlTemplate\":\"https:\/\/unicursos.com.br\/blog\/?s={search_term_string}\"},\"query-input\":\"required name=search_term_string\"}],\"inLanguage\":\"pt-BR\"},{\"@type\":\"ImageObject\",\"@id\":\"https:\/\/unicursos.com.br\/blog\/concurso-mp-sp-2025-edital-publicado-para-nivel-fundamental-com-salario-de-ate-r8-mil\/#primaryimage\",\"inLanguage\":\"pt-BR\",\"url\":\"https:\/\/unicursos.com.br\/blog\/wp-content\/uploads\/2025\/07\/noticias-72.png\",\"contentUrl\":\"https:\/\/unicursos.com.br\/blog\/wp-content\/uploads\/2025\/07\/noticias-72.png\",\"width\":1110,\"height\":550},{\"@type\":\"WebPage\",\"@id\":\"https:\/\/unicursos.com.br\/blog\/concurso-mp-sp-2025-edital-publicado-para-nivel-fundamental-com-salario-de-ate-r8-mil\/#webpage\",\"url\":\"https:\/\/unicursos.com.br\/blog\/concurso-mp-sp-2025-edital-publicado-para-nivel-fundamental-com-salario-de-ate-r8-mil\/\",\"name\":\"Concurso MP SP 2025: Edital publicado para n\u00edvel fundamental com sal\u00e1rio de at\u00e9 R$8 mil\",\"isPartOf\":{\"@id\":\"https:\/\/unicursos.com.br\/blog\/#website\"},\"primaryImageOfPage\":{\"@id\":\"https:\/\/unicursos.com.br\/blog\/concurso-mp-sp-2025-edital-publicado-para-nivel-fundamental-com-salario-de-ate-r8-mil\/#primaryimage\"},\"datePublished\":\"2025-07-03T21:23:18+00:00\",\"dateModified\":\"2025-07-03T21:23:18+00:00\",\"author\":{\"@id\":\"https:\/\/unicursos.com.br\/blog\/#\/schema\/person\/6ba7607de60d4c6ed771490b3156da64\"},\"description\":\"Minist\u00e9rio P\u00fablico de S\u00e3o Paulo confirma aval dos editais de Oficial de Promotoria e Analista de Promotoria para concurso MP SP. Entenda!\",\"breadcrumb\":{\"@id\":\"https:\/\/unicursos.com.br\/blog\/concurso-mp-sp-2025-edital-publicado-para-nivel-fundamental-com-salario-de-ate-r8-mil\/#breadcrumb\"},\"inLanguage\":\"pt-BR\",\"potentialAction\":[{\"@type\":\"ReadAction\",\"target\":[\"https:\/\/unicursos.com.br\/blog\/concurso-mp-sp-2025-edital-publicado-para-nivel-fundamental-com-salario-de-ate-r8-mil\/\"]}]},{\"@type\":\"BreadcrumbList\",\"@id\":\"https:\/\/unicursos.com.br\/blog\/concurso-mp-sp-2025-edital-publicado-para-nivel-fundamental-com-salario-de-ate-r8-mil\/#breadcrumb\",\"itemListElement\":[{\"@type\":\"ListItem\",\"position\":1,\"name\":\"In\u00edcio\",\"item\":\"https:\/\/unicursos.com.br\/blog\/\"},{\"@type\":\"ListItem\",\"position\":2,\"name\":\"Concurso MP SP 2025: Edital publicado para n\u00edvel fundamental com sal\u00e1rio de at\u00e9 R$8 mil\"}]},{\"@type\":\"Person\",\"@id\":\"https:\/\/unicursos.com.br\/blog\/#\/schema\/person\/6ba7607de60d4c6ed771490b3156da64\",\"name\":\"Giovanna Panziera\",\"image\":{\"@type\":\"ImageObject\",\"@id\":\"https:\/\/unicursos.com.br\/blog\/#personlogo\",\"inLanguage\":\"pt-BR\",\"url\":\"https:\/\/secure.gravatar.com\/avatar\/5cb6f531d43bfe59b03c9f038aed276c40ad920ccea77cba97512e9c2086af14?s=96&d=mm&r=g\",\"contentUrl\":\"https:\/\/secure.gravatar.com\/avatar\/5cb6f531d43bfe59b03c9f038aed276c40ad920ccea77cba97512e9c2086af14?s=96&d=mm&r=g\",\"caption\":\"Giovanna Panziera\"},\"url\":\"https:\/\/unicursos.com.br\/blog\/author\/giovanna-panziera\/\"}]}<\/script>\n<!-- \/ Yoast SEO plugin. -->","yoast_head_json":{"title":"Concurso MP SP 2025: Edital publicado para n\u00edvel fundamental com sal\u00e1rio de at\u00e9 R$8 mil","description":"Minist\u00e9rio P\u00fablico de S\u00e3o Paulo confirma aval dos editais de Oficial de Promotoria e Analista de Promotoria para concurso MP SP. Entenda!","robots":{"index":"index","follow":"follow","max-snippet":"max-snippet:-1","max-image-preview":"max-image-preview:large","max-video-preview":"max-video-preview:-1"},"canonical":"https:\/\/unicursos.com.br\/blog\/concurso-mp-sp-2025-edital-publicado-para-nivel-fundamental-com-salario-de-ate-r8-mil\/","og_locale":"pt_BR","og_type":"article","og_title":"Concurso MP SP 2025: Edital publicado para n\u00edvel fundamental com sal\u00e1rio de at\u00e9 R$8 mil","og_description":"Minist\u00e9rio P\u00fablico de S\u00e3o Paulo confirma aval dos editais de Oficial de Promotoria e Analista de Promotoria para concurso MP SP. Entenda!","og_url":"https:\/\/unicursos.com.br\/blog\/concurso-mp-sp-2025-edital-publicado-para-nivel-fundamental-com-salario-de-ate-r8-mil\/","og_site_name":"Blog Unicursos","article_published_time":"2025-07-03T21:23:18+00:00","og_image":[{"width":1110,"height":550,"url":"https:\/\/unicursos.com.br\/blog\/wp-content\/uploads\/2025\/07\/noticias-72.png","type":"image\/png"}],"twitter_card":"summary_large_image","twitter_misc":{"Escrito por":"Giovanna Panziera","Est. tempo de leitura":"2 minutos"},"schema":{"@context":"https:\/\/schema.org","@graph":[{"@type":"WebSite","@id":"https:\/\/unicursos.com.br\/blog\/#website","url":"https:\/\/unicursos.com.br\/blog\/","name":"Blog Unicursos","description":"S\u00f3 mais um site WordPress","potentialAction":[{"@type":"SearchAction","target":{"@type":"EntryPoint","urlTemplate":"https:\/\/unicursos.com.br\/blog\/?s={search_term_string}"},"query-input":"required name=search_term_string"}],"inLanguage":"pt-BR"},{"@type":"ImageObject","@id":"https:\/\/unicursos.com.br\/blog\/concurso-mp-sp-2025-edital-publicado-para-nivel-fundamental-com-salario-de-ate-r8-mil\/#primaryimage","inLanguage":"pt-BR","url":"https:\/\/unicursos.com.br\/blog\/wp-content\/uploads\/2025\/07\/noticias-72.png","contentUrl":"https:\/\/unicursos.com.br\/blog\/wp-content\/uploads\/2025\/07\/noticias-72.png","width":1110,"height":550},{"@type":"WebPage","@id":"https:\/\/unicursos.com.br\/blog\/concurso-mp-sp-2025-edital-publicado-para-nivel-fundamental-com-salario-de-ate-r8-mil\/#webpage","url":"https:\/\/unicursos.com.br\/blog\/concurso-mp-sp-2025-edital-publicado-para-nivel-fundamental-com-salario-de-ate-r8-mil\/","name":"Concurso MP SP 2025: Edital publicado para n\u00edvel fundamental com sal\u00e1rio de at\u00e9 R$8 mil","isPartOf":{"@id":"https:\/\/unicursos.com.br\/blog\/#website"},"primaryImageOfPage":{"@id":"https:\/\/unicursos.com.br\/blog\/concurso-mp-sp-2025-edital-publicado-para-nivel-fundamental-com-salario-de-ate-r8-mil\/#primaryimage"},"datePublished":"2025-07-03T21:23:18+00:00","dateModified":"2025-07-03T21:23:18+00:00","author":{"@id":"https:\/\/unicursos.com.br\/blog\/#\/schema\/person\/6ba7607de60d4c6ed771490b3156da64"},"description":"Minist\u00e9rio P\u00fablico de S\u00e3o Paulo confirma aval dos editais de Oficial de Promotoria e Analista de Promotoria para concurso MP SP. Entenda!","breadcrumb":{"@id":"https:\/\/unicursos.com.br\/blog\/concurso-mp-sp-2025-edital-publicado-para-nivel-fundamental-com-salario-de-ate-r8-mil\/#breadcrumb"},"inLanguage":"pt-BR","potentialAction":[{"@type":"ReadAction","target":["https:\/\/unicursos.com.br\/blog\/concurso-mp-sp-2025-edital-publicado-para-nivel-fundamental-com-salario-de-ate-r8-mil\/"]}]},{"@type":"BreadcrumbList","@id":"https:\/\/unicursos.com.br\/blog\/concurso-mp-sp-2025-edital-publicado-para-nivel-fundamental-com-salario-de-ate-r8-mil\/#breadcrumb","itemListElement":[{"@type":"ListItem","position":1,"name":"In\u00edcio","item":"https:\/\/unicursos.com.br\/blog\/"},{"@type":"ListItem","position":2,"name":"Concurso MP SP 2025: Edital publicado para n\u00edvel fundamental com sal\u00e1rio de at\u00e9 R$8 mil"}]},{"@type":"Person","@id":"https:\/\/unicursos.com.br\/blog\/#\/schema\/person\/6ba7607de60d4c6ed771490b3156da64","name":"Giovanna Panziera","image":{"@type":"ImageObject","@id":"https:\/\/unicursos.com.br\/blog\/#personlogo","inLanguage":"pt-BR","url":"https:\/\/secure.gravatar.com\/avatar\/5cb6f531d43bfe59b03c9f038aed276c40ad920ccea77cba97512e9c2086af14?s=96&d=mm&r=g","contentUrl":"https:\/\/secure.gravatar.com\/avatar\/5cb6f531d43bfe59b03c9f038aed276c40ad920ccea77cba97512e9c2086af14?s=96&d=mm&r=g","caption":"Giovanna Panziera"},"url":"https:\/\/unicursos.com.br\/blog\/author\/giovanna-panziera\/"}]}},"_links":{"self":[{"href":"https:\/\/unicursos.com.br\/blog\/wp-json\/wp\/v2\/posts\/9490","targetHints":{"allow":["GET"]}}],"collection":[{"href":"https:\/\/unicursos.com.br\/blog\/wp-json\/wp\/v2\/posts"}],"about":[{"href":"https:\/\/unicursos.com.br\/blog\/wp-json\/wp\/v2\/types\/post"}],"author":[{"embeddable":true,"href":"https:\/\/unicursos.com.br\/blog\/wp-json\/wp\/v2\/users\/40"}],"replies":[{"embeddable":true,"href":"https:\/\/unicursos.com.br\/blog\/wp-json\/wp\/v2\/comments?post=9490"}],"version-history":[{"count":1,"href":"https:\/\/unicursos.com.br\/blog\/wp-json\/wp\/v2\/posts\/9490\/revisions"}],"predecessor-version":[{"id":9492,"href":"https:\/\/unicursos.com.br\/blog\/wp-json\/wp\/v2\/posts\/9490\/revisions\/9492"}],"wp:featuredmedia":[{"embeddable":true,"href":"https:\/\/unicursos.com.br\/blog\/wp-json\/wp\/v2\/media\/9491"}],"wp:attachment":[{"href":"https:\/\/unicursos.com.br\/blog\/wp-json\/wp\/v2\/media?parent=9490"}],"wp:term":[{"taxonomy":"category","embeddable":true,"href":"https:\/\/unicursos.com.br\/blog\/wp-json\/wp\/v2\/categories?post=9490"},{"taxonomy":"post_tag","embeddable":true,"href":"https:\/\/unicursos.com.br\/blog\/wp-json\/wp\/v2\/tags?post=9490"}],"curies":[{"name":"wp","href":"https:\/\/api.w.org\/{rel}","templated":true}]}}